{"id":52887,"date":"2025-09-05T21:16:53","date_gmt":"2025-09-05T18:16:53","guid":{"rendered":"https:\/\/www.egemtv.com\/?p=52887"},"modified":"2025-09-05T21:16:54","modified_gmt":"2025-09-05T18:16:54","slug":"ng-afyon-motofest-acilis-seronomosi-gerceklestirildi","status":"publish","type":"post","link":"https:\/\/www.egemtv.com\/?p=52887","title":{"rendered":"NG Afyon MotoFest a\u00e7\u0131l\u0131\u015f seronomosi ger\u00e7ekle\u015ftirildi"},"content":{"rendered":"<p>NG Afyon MotoFest a\u00e7\u0131l\u0131\u015f seronomosi protokol \u00fcyelerinin kat\u0131l\u0131m\u0131yla ger\u00e7ekle\u015ftirilirken, bir\u00e7ok \u00fclkeden de canl\u0131 yay\u0131nlanacak ve nefesleri kesecek yar\u0131\u015flar yar\u0131n sabah start alacak.<br \/>\n<br \/>Afyonkarahisar\u2019da bu y\u0131l 8\u2019incisi d\u00fczenlenen NG Afyon MotoFest, binlerce kat\u0131l\u0131mc\u0131n\u0131n yo\u011fun ilgisiyle kap\u0131lar\u0131n\u0131 a\u00e7t\u0131. T\u00fcrkiye\u2019nin 2025 y\u0131l\u0131ndaki en b\u00fcy\u00fck entegre spor ve gen\u00e7lik etkinli\u011fi olan festival, ilk g\u00fcn\u00fcnden itibaren renkli g\u00f6r\u00fcnt\u00fclere, adrenalin dolu g\u00f6sterilere ve unutulmaz m\u00fczik performanslar\u0131na sahne oldu. A\u00e7\u0131l\u0131\u015f program\u0131n\u0131n motokross alan\u0131nda kent protokol\u00fc \u00fcyelerinin ve d\u00fcnyan\u0131n farkl\u0131 \u00fclkelerinden sporcular\u0131n kat\u0131l\u0131mlar\u0131yla yap\u0131ld\u0131.<br \/>\n<br \/>A\u00e7\u0131l\u0131\u015f program\u0131nda ayr\u0131ca sporcular\u0131n motosikletlerle sundu\u011fu akrobatik g\u00f6steride nefesleri kesti.<br \/>\n<br \/>Yar\u0131\u015fmalar\u0131n yar\u0131n sabah erken saatlerde start alaca\u011f\u0131 ve bir\u00e7ok \u00fclkeden de canl\u0131 yay\u0131nlanaca\u011f\u0131 \u00f6\u011frenildi.<br \/><\/p>\n","protected":false},"excerpt":{"rendered":"<p>NG Afyon MotoFest a\u00e7\u0131l\u0131\u015f seronomosi protokol \u00fcyelerinin kat\u0131l\u0131m\u0131yla ger\u00e7ekle\u015ftirilirken, bir\u00e7ok \u00fclkeden de canl\u0131 yay\u0131nlanacak ve nefesleri kesecek yar\u0131\u015flar yar\u0131n sabah start alacak. Afyonkarahisar\u2019da bu y\u0131l 8\u2019incisi d\u00fczenlenen NG Afyon MotoFest, binlerce kat\u0131l\u0131mc\u0131n\u0131n yo\u011fun ilgisiyle kap\u0131lar\u0131n\u0131 a\u00e7t\u0131. T\u00fcrkiye\u2019nin 2025 y\u0131l\u0131ndaki en b\u00fcy\u00fck entegre spor ve gen\u00e7lik etkinli\u011fi olan festival, ilk g\u00fcn\u00fcnden itibaren renkli g\u00f6r\u00fcnt\u00fclere, adrenalin dolu&#8230;<\/p>\n","protected":false},"author":1,"featured_media":52888,"comment_status":"open","ping_status":"open","sticky":false,"template":"","format":"standard","meta":{"_crdt_document":"","footnotes":""},"categories":[5],"tags":[],"class_list":["post-52887","post","type-post","status-publish","format-standard","has-post-thumbnail","hentry","category-asayis"],"_links":{"self":[{"href":"https:\/\/www.egemtv.com\/index.php?rest_route=\/wp\/v2\/posts\/52887","targetHints":{"allow":["GET"]}}],"collection":[{"href":"https:\/\/www.egemtv.com\/index.php?rest_route=\/wp\/v2\/posts"}],"about":[{"href":"https:\/\/www.egemtv.com\/index.php?rest_route=\/wp\/v2\/types\/post"}],"author":[{"embeddable":true,"href":"https:\/\/www.egemtv.com\/index.php?rest_route=\/wp\/v2\/users\/1"}],"replies":[{"embeddable":true,"href":"https:\/\/www.egemtv.com\/index.php?rest_route=%2Fwp%2Fv2%2Fcomments&post=52887"}],"version-history":[{"count":1,"href":"https:\/\/www.egemtv.com\/index.php?rest_route=\/wp\/v2\/posts\/52887\/revisions"}],"predecessor-version":[{"id":52889,"href":"https:\/\/www.egemtv.com\/index.php?rest_route=\/wp\/v2\/posts\/52887\/revisions\/52889"}],"wp:featuredmedia":[{"embeddable":true,"href":"https:\/\/www.egemtv.com\/index.php?rest_route=\/wp\/v2\/media\/52888"}],"wp:attachment":[{"href":"https:\/\/www.egemtv.com\/index.php?rest_route=%2Fwp%2Fv2%2Fmedia&parent=52887"}],"wp:term":[{"taxonomy":"category","embeddable":true,"href":"https:\/\/www.egemtv.com\/index.php?rest_route=%2Fwp%2Fv2%2Fcategories&post=52887"},{"taxonomy":"post_tag","embeddable":true,"href":"https:\/\/www.egemtv.com\/index.php?rest_route=%2Fwp%2Fv2%2Ftags&post=52887"}],"curies":[{"name":"wp","href":"https:\/\/api.w.org\/{rel}","templated":true}]}}