{"id":52884,"date":"2025-09-05T20:34:46","date_gmt":"2025-09-05T17:34:46","guid":{"rendered":"https:\/\/www.egemtv.com\/?p=52884"},"modified":"2025-09-05T20:34:47","modified_gmt":"2025-09-05T17:34:47","slug":"izmirde-cop-krizi-zirvede-jandarmadan-sucustu-operasyonu","status":"publish","type":"post","link":"https:\/\/www.egemtv.com\/?p=52884","title":{"rendered":"\u0130zmir\u2019de \u00e7\u00f6p krizi zirvede: Jandarmadan su\u00e7\u00fcst\u00fc operasyonu"},"content":{"rendered":"<p>\u0130zmir B\u00fcy\u00fck\u015fehir Belediyesinin, kentin \u00e7\u00f6p\u00fcn\u00fc Tire il\u00e7esindeki bir mera alan\u0131na hukuksuz d\u00f6kt\u00fc\u011f\u00fcn\u00fcn belirlenmesi \u00fczerine harekete ge\u00e7en jandarma ekipleri, alana d\u00fczenledikleri operasyonla \u00e7\u00f6p d\u00f6k\u00fcm\u00fc yapt\u0131\u011f\u0131 belirlenen kamyonlar\u0131n faaliyetini durdurdu.<br \/>\n<br \/>?\u0130zmir\u2019in uzun y\u0131llard\u0131r \u00e7evre sorunlar\u0131yla g\u00fcndemden d\u00fc\u015fmeyen Harmandal\u0131 \u00e7\u00f6pl\u00fc\u011f\u00fc hakk\u0131nda Dan\u0131\u015ftay\u2019\u0131n verdi\u011fi nihai kapatma karar\u0131n\u0131n ard\u0131ndan yerel y\u00f6netimin buldu\u011fu &#8220;ge\u00e7ici&#8221; \u00e7\u00f6z\u00fcm, yeni bir hukuksal ve \u00e7evresel krize yol a\u00e7t\u0131.<br \/>\n<br \/>?<br \/>\n<br \/>Bakanl\u0131k uyard\u0131, cezalar kesildi, d\u00f6k\u00fcm s\u00fcrd\u00fc<br \/>\n<br \/>?  \u0130zmir B\u00fcy\u00fck\u015fehir Belediyesi, kentin tonlarca \u00e7\u00f6p\u00fcn\u00fc Tire\u2019ye ba\u011fl\u0131 Karateki Mahallesi\u2019ndeki mera vasf\u0131ndaki araziye y\u00f6nlendirdi. B\u00f6lge halk\u0131n\u0131n ve sivil toplum kurulu\u015flar\u0131n\u0131n yo\u011fun tepkisine neden olan bu ad\u0131m, merkezi idarenin de dikkatinden ka\u00e7mad\u0131. \u00c7evre, \u015eehircilik ve \u0130klim De\u011fi\u015fikli\u011fi Bakanl\u0131\u011f\u0131, yap\u0131lan d\u00f6k\u00fcm\u00fcn &#8220;vah\u015fi depolama&#8221; niteli\u011finde ve yasa d\u0131\u015f\u0131 oldu\u011funu belirterek belediyeye idari para cezalar\u0131 uygulad\u0131. Ancak t\u00fcm uyar\u0131lara ra\u011fmen d\u00f6k\u00fcm\u00fcn devam etmesi krizi t\u0131rmand\u0131rd\u0131.<\/p>\n<p>?Jandarmadan operasyon<br \/>\n<br \/>?Y\u00fcr\u00fct\u00fclen adli soru\u015fturma \u00e7er\u00e7evesinde bug\u00fcn harekete ge\u00e7en jandarma ekipleri, \u00e7\u00f6p d\u00f6k\u00fcm\u00fcn\u00fcn yap\u0131ld\u0131\u011f\u0131 alana operasyon d\u00fczenledi. Faaliyeti yerinde tespit ederek su\u00e7\u00fcst\u00fc yapan ekipler, 7 kamyon \u015fof\u00f6r\u00fcn\u00fc ifadelerine ba\u015fvurmak \u00fczere karakola g\u00f6t\u00fcrd\u00fc. \u015eof\u00f6rler ifadelerinin ard\u0131ndan serbest b\u0131rak\u0131l\u0131rken, jandarman\u0131n fiziki m\u00fcdahalesiyle alandaki yasa d\u0131\u015f\u0131 faaliyet de son bulmu\u015f oldu.<br \/><\/p>\n","protected":false},"excerpt":{"rendered":"<p>\u0130zmir B\u00fcy\u00fck\u015fehir Belediyesinin, kentin \u00e7\u00f6p\u00fcn\u00fc Tire il\u00e7esindeki bir mera alan\u0131na hukuksuz d\u00f6kt\u00fc\u011f\u00fcn\u00fcn belirlenmesi \u00fczerine harekete ge\u00e7en jandarma ekipleri, alana d\u00fczenledikleri operasyonla \u00e7\u00f6p d\u00f6k\u00fcm\u00fc yapt\u0131\u011f\u0131 belirlenen kamyonlar\u0131n faaliyetini durdurdu. ?\u0130zmir\u2019in uzun y\u0131llard\u0131r \u00e7evre sorunlar\u0131yla g\u00fcndemden d\u00fc\u015fmeyen Harmandal\u0131 \u00e7\u00f6pl\u00fc\u011f\u00fc hakk\u0131nda Dan\u0131\u015ftay\u2019\u0131n verdi\u011fi nihai kapatma karar\u0131n\u0131n ard\u0131ndan yerel y\u00f6netimin buldu\u011fu &#8220;ge\u00e7ici&#8221; \u00e7\u00f6z\u00fcm, yeni bir hukuksal ve \u00e7evresel krize&#8230;<\/p>\n","protected":false},"author":1,"featured_media":52885,"comment_status":"open","ping_status":"open","sticky":false,"template":"","format":"standard","meta":{"_crdt_document":"","footnotes":""},"categories":[5],"tags":[],"class_list":["post-52884","post","type-post","status-publish","format-standard","has-post-thumbnail","hentry","category-asayis"],"_links":{"self":[{"href":"https:\/\/www.egemtv.com\/index.php?rest_route=\/wp\/v2\/posts\/52884","targetHints":{"allow":["GET"]}}],"collection":[{"href":"https:\/\/www.egemtv.com\/index.php?rest_route=\/wp\/v2\/posts"}],"about":[{"href":"https:\/\/www.egemtv.com\/index.php?rest_route=\/wp\/v2\/types\/post"}],"author":[{"embeddable":true,"href":"https:\/\/www.egemtv.com\/index.php?rest_route=\/wp\/v2\/users\/1"}],"replies":[{"embeddable":true,"href":"https:\/\/www.egemtv.com\/index.php?rest_route=%2Fwp%2Fv2%2Fcomments&post=52884"}],"version-history":[{"count":1,"href":"https:\/\/www.egemtv.com\/index.php?rest_route=\/wp\/v2\/posts\/52884\/revisions"}],"predecessor-version":[{"id":52886,"href":"https:\/\/www.egemtv.com\/index.php?rest_route=\/wp\/v2\/posts\/52884\/revisions\/52886"}],"wp:featuredmedia":[{"embeddable":true,"href":"https:\/\/www.egemtv.com\/index.php?rest_route=\/wp\/v2\/media\/52885"}],"wp:attachment":[{"href":"https:\/\/www.egemtv.com\/index.php?rest_route=%2Fwp%2Fv2%2Fmedia&parent=52884"}],"wp:term":[{"taxonomy":"category","embeddable":true,"href":"https:\/\/www.egemtv.com\/index.php?rest_route=%2Fwp%2Fv2%2Fcategories&post=52884"},{"taxonomy":"post_tag","embeddable":true,"href":"https:\/\/www.egemtv.com\/index.php?rest_route=%2Fwp%2Fv2%2Ftags&post=52884"}],"curies":[{"name":"wp","href":"https:\/\/api.w.org\/{rel}","templated":true}]}}