{"id":52881,"date":"2025-09-05T19:54:39","date_gmt":"2025-09-05T16:54:39","guid":{"rendered":"https:\/\/www.egemtv.com\/?p=52881"},"modified":"2025-09-05T19:54:40","modified_gmt":"2025-09-05T16:54:40","slug":"adu-hastanesi-yeni-poliklinik-ve-laboratuvar-binasi-temel-atma-toreni-gerceklestirildi","status":"publish","type":"post","link":"https:\/\/www.egemtv.com\/?p=52881","title":{"rendered":"AD\u00dc Hastanesi Yeni Poliklinik ve Laboratuvar Binas\u0131 Temel Atma T\u00f6reni ger\u00e7ekle\u015ftirildi"},"content":{"rendered":"<p>AD\u00dc Hastanesi yerle\u015fkesinde yap\u0131m\u0131 devam eden Yeni Poliklinik ve Laboratuvar Binas\u0131 i\u00e7in 5 Eyl\u00fcl 2025 tarihinde temel atma t\u00f6reni ger\u00e7ekle\u015ftirildi.<\/p>\n<p>T\u00f6rene; AK Parti Ayd\u0131n Milletvekili \u00d6mer \u00d6zmen, \u00dcniversite Rekt\u00f6r\u00fc Prof. Dr. B\u00fclent Kent, Rekt\u00f6r Yard\u0131mc\u0131s\u0131 Prof. Dr. Erkan Salan, Genel Sekreter V. Prof. Dr. Bertan Akyol, Rekt\u00f6r Dan\u0131\u015fman\u0131 ve AD\u00dc Hastanesi Ba\u015fhekimi Prof. Dr. M\u00fccahit Avcil, ba\u015fhekim yard\u0131mc\u0131lar\u0131 ile idari personel kat\u0131ld\u0131.<br \/>\n<br \/>Toplam 3 bin 500 metrekare kapal\u0131 alana sahip olacak yeni bina, modern sa\u011fl\u0131k hizmetlerinin gereklilikleri do\u011frultusunda tasarland\u0131. Proje kapsam\u0131nda, alt kat\u0131 55 odal\u0131 poliklinik, \u00fcst kat\u0131 ise biyokimya ve mikrobiyoloji laboratuvarlar\u0131na ayr\u0131lacak \u015fekilde yap\u0131land\u0131r\u0131lacak.<br \/>\n<br \/>Yeni binan\u0131n hizmete girmesiyle birlikte hastane kapasitesi \u00f6nemli \u00f6l\u00e7\u00fcde art\u0131r\u0131lacak; daha fazla hastaya etkin ve h\u0131zl\u0131 sa\u011fl\u0131k hizmeti sunulabilecek. Ayr\u0131ca, laboratuvar sonu\u00e7lar\u0131n\u0131n k\u0131sa s\u00fcrede al\u0131nmas\u0131yla birlikte hasta yo\u011funlu\u011funun azalmas\u0131, s\u00fcre\u00e7lerin daha d\u00fczenli ve verimli \u015fekilde ilerlemesi sa\u011flanacak.<br \/>\n<br \/>Sa\u011fl\u0131k \u00e7al\u0131\u015fanlar\u0131 i\u00e7in daha i\u015flevsel ve ferah bir \u00e7al\u0131\u015fma ortam\u0131 sunacak olan bina, hastalar\u0131n da daha konforlu hizmet almas\u0131na imk\u00e2n tan\u0131yacak. B\u00f6ylece hem hasta memnuniyetinin hem de sa\u011fl\u0131k hizmetlerinin kalitesinin daha da y\u00fckseltilmesi hedefleniyor.<br \/>\n<br \/>AD\u00dc Rekt\u00f6r\u00fc Prof. Dr. B\u00fclent Kent, \u00fcniversite hastanesinin b\u00f6lgeye sundu\u011fu katk\u0131ya dikkat \u00e7ekerek &#8220;Hastanemiz, yaln\u0131zca Ayd\u0131n\u2019a de\u011fil, Ege B\u00f6lgesi\u2019nin tamam\u0131na hizmet sunan \u00f6nemli bir sa\u011fl\u0131k merkezidir. Bug\u00fcn temelini att\u0131\u011f\u0131m\u0131z bu yeni bina, sa\u011fl\u0131k altyap\u0131m\u0131z\u0131 g\u00fc\u00e7lendirecek ve hizmet kalitemizi daha da ileriye ta\u015f\u0131yacakt\u0131r. \u00dcniversitemiz, e\u011fitim ve ara\u015ft\u0131rma misyonunun yan\u0131 s\u0131ra topluma hizmet g\u00f6revini de en iyi \u015fekilde yerine getirmeyi s\u00fcrd\u00fcrmektedir. Yeni poliklinik ve laboratuvar binam\u0131z\u0131n hastalar\u0131m\u0131za \u015fifa, sa\u011fl\u0131k \u00e7al\u0131\u015fanlar\u0131m\u0131za ise kolayl\u0131k getirmesini diliyor; bu projede eme\u011fi ge\u00e7en herkese te\u015fekk\u00fcr ediyorum&#8221; dedi.<br \/><\/p>\n","protected":false},"excerpt":{"rendered":"<p>AD\u00dc Hastanesi yerle\u015fkesinde yap\u0131m\u0131 devam eden Yeni Poliklinik ve Laboratuvar Binas\u0131 i\u00e7in 5 Eyl\u00fcl 2025 tarihinde temel atma t\u00f6reni ger\u00e7ekle\u015ftirildi. T\u00f6rene; AK Parti Ayd\u0131n Milletvekili \u00d6mer \u00d6zmen, \u00dcniversite Rekt\u00f6r\u00fc Prof. Dr. B\u00fclent Kent, Rekt\u00f6r Yard\u0131mc\u0131s\u0131 Prof. Dr. Erkan Salan, Genel Sekreter V. Prof. Dr. Bertan Akyol, Rekt\u00f6r Dan\u0131\u015fman\u0131 ve AD\u00dc Hastanesi Ba\u015fhekimi Prof. Dr. M\u00fccahit&#8230;<\/p>\n","protected":false},"author":1,"featured_media":52882,"comment_status":"open","ping_status":"open","sticky":false,"template":"","format":"standard","meta":{"_crdt_document":"","footnotes":""},"categories":[1],"tags":[],"class_list":["post-52881","post","type-post","status-publish","format-standard","has-post-thumbnail","hentry","category-guncel"],"_links":{"self":[{"href":"https:\/\/www.egemtv.com\/index.php?rest_route=\/wp\/v2\/posts\/52881","targetHints":{"allow":["GET"]}}],"collection":[{"href":"https:\/\/www.egemtv.com\/index.php?rest_route=\/wp\/v2\/posts"}],"about":[{"href":"https:\/\/www.egemtv.com\/index.php?rest_route=\/wp\/v2\/types\/post"}],"author":[{"embeddable":true,"href":"https:\/\/www.egemtv.com\/index.php?rest_route=\/wp\/v2\/users\/1"}],"replies":[{"embeddable":true,"href":"https:\/\/www.egemtv.com\/index.php?rest_route=%2Fwp%2Fv2%2Fcomments&post=52881"}],"version-history":[{"count":1,"href":"https:\/\/www.egemtv.com\/index.php?rest_route=\/wp\/v2\/posts\/52881\/revisions"}],"predecessor-version":[{"id":52883,"href":"https:\/\/www.egemtv.com\/index.php?rest_route=\/wp\/v2\/posts\/52881\/revisions\/52883"}],"wp:featuredmedia":[{"embeddable":true,"href":"https:\/\/www.egemtv.com\/index.php?rest_route=\/wp\/v2\/media\/52882"}],"wp:attachment":[{"href":"https:\/\/www.egemtv.com\/index.php?rest_route=%2Fwp%2Fv2%2Fmedia&parent=52881"}],"wp:term":[{"taxonomy":"category","embeddable":true,"href":"https:\/\/www.egemtv.com\/index.php?rest_route=%2Fwp%2Fv2%2Fcategories&post=52881"},{"taxonomy":"post_tag","embeddable":true,"href":"https:\/\/www.egemtv.com\/index.php?rest_route=%2Fwp%2Fv2%2Ftags&post=52881"}],"curies":[{"name":"wp","href":"https:\/\/api.w.org\/{rel}","templated":true}]}}