{"id":52878,"date":"2025-09-05T19:14:38","date_gmt":"2025-09-05T16:14:38","guid":{"rendered":"https:\/\/www.egemtv.com\/?p=52878"},"modified":"2025-09-05T19:14:39","modified_gmt":"2025-09-05T16:14:39","slug":"bodrum-belediyesi-vefat-eden-zabita-personellerinin-ailelerini-unutmadi","status":"publish","type":"post","link":"https:\/\/www.egemtv.com\/?p=52878","title":{"rendered":"Bodrum Belediyesi, vefat eden zab\u0131ta personellerinin ailelerini unutmad\u0131"},"content":{"rendered":"<p>Bodrum Belediyesi ekipleri, vefat eden zab\u0131ta personellerinin ailelerini Zab\u0131ta Haftas\u0131\u2019nda unutmad\u0131.<\/p>\n<p>Bodrum Belediyesi Bas\u0131n Yay\u0131n ve Halkla \u0130li\u015fkiler M\u00fcd\u00fcrl\u00fc\u011f\u00fcne ba\u011fl\u0131 Saha \u00c7\u00f6z\u00fcm ekipleri, Bodrum\u2019da uzun y\u0131llar b\u00fcy\u00fck bir \u00f6zveriyle g\u00f6rev yapan ve ebediyete intikal eden zab\u0131ta personellerinin ailelerini 1-7 Eyl\u00fcl Zab\u0131ta Haftas\u0131\u2019nda evlerinde ziyaret etti. Bodrum Belediyesi Eyl\u00fcl Ay\u0131 Ola\u011fan Meclis Toplant\u0131s\u0131\u2019n\u0131n ard\u0131ndan Belediye Ba\u015fkan\u0131 Tamer Mandalinci, Zab\u0131ta M\u00fcd\u00fcrl\u00fc\u011f\u00fc\u2019n\u00fc ziyaret ederek g\u00f6rev ba\u015f\u0131ndaki personelin haftas\u0131n\u0131 kutlad\u0131. Gece g\u00fcnd\u00fcz demeden g\u00f6rev yapan zab\u0131ta ekiplerine \u00f6zverili \u00e7al\u0131\u015fmalar\u0131ndan dolay\u0131 te\u015fekk\u00fcr eden Bodrum Belediye Ba\u015fkan\u0131 Tamer Mandalinci Zab\u0131ta Haftas\u0131 ile ilgili &#8220;Toplum d\u00fczenimizi, g\u00fcvenli\u011fimizi ve huzurumuzu koruyan zab\u0131talar\u0131m\u0131z, kent ya\u015fam\u0131n\u0131n g\u00f6r\u00fcnmez kahramanlar\u0131d\u0131r. Bu vesileyle g\u00f6rev ba\u015f\u0131ndaki t\u00fcm zab\u0131ta personelimizin Zab\u0131ta Haftas\u0131\u2019n\u0131 kutluyor, emekleri i\u00e7in te\u015fekk\u00fcr ediyorum. Bu vesileyle, aram\u0131zdan ayr\u0131lm\u0131\u015f de\u011ferli zab\u0131ta personelimizi rahmet ve minnetle an\u0131yor, ailelerine bir kez daha ba\u015fsa\u011fl\u0131\u011f\u0131 diliyorum. Belediye olarak ailelerimizin daima yan\u0131nda olaca\u011f\u0131z ve her t\u00fcrl\u00fc deste\u011fi vermeye devam edece\u011fiz. Bodrum Belediyesi olarak b\u00fcy\u00fck bir aileyiz ve hi\u00e7bir aile ferdimizi yaln\u0131z b\u0131rakmayaca\u011f\u0131z&#8221; dedi.<br \/><\/p>\n","protected":false},"excerpt":{"rendered":"<p>Bodrum Belediyesi ekipleri, vefat eden zab\u0131ta personellerinin ailelerini Zab\u0131ta Haftas\u0131\u2019nda unutmad\u0131. Bodrum Belediyesi Bas\u0131n Yay\u0131n ve Halkla \u0130li\u015fkiler M\u00fcd\u00fcrl\u00fc\u011f\u00fcne ba\u011fl\u0131 Saha \u00c7\u00f6z\u00fcm ekipleri, Bodrum\u2019da uzun y\u0131llar b\u00fcy\u00fck bir \u00f6zveriyle g\u00f6rev yapan ve ebediyete intikal eden zab\u0131ta personellerinin ailelerini 1-7 Eyl\u00fcl Zab\u0131ta Haftas\u0131\u2019nda evlerinde ziyaret etti. Bodrum Belediyesi Eyl\u00fcl Ay\u0131 Ola\u011fan Meclis Toplant\u0131s\u0131\u2019n\u0131n ard\u0131ndan Belediye Ba\u015fkan\u0131&#8230;<\/p>\n","protected":false},"author":1,"featured_media":52879,"comment_status":"open","ping_status":"open","sticky":false,"template":"","format":"standard","meta":{"_crdt_document":"","footnotes":""},"categories":[1],"tags":[],"class_list":["post-52878","post","type-post","status-publish","format-standard","has-post-thumbnail","hentry","category-guncel"],"_links":{"self":[{"href":"https:\/\/www.egemtv.com\/index.php?rest_route=\/wp\/v2\/posts\/52878","targetHints":{"allow":["GET"]}}],"collection":[{"href":"https:\/\/www.egemtv.com\/index.php?rest_route=\/wp\/v2\/posts"}],"about":[{"href":"https:\/\/www.egemtv.com\/index.php?rest_route=\/wp\/v2\/types\/post"}],"author":[{"embeddable":true,"href":"https:\/\/www.egemtv.com\/index.php?rest_route=\/wp\/v2\/users\/1"}],"replies":[{"embeddable":true,"href":"https:\/\/www.egemtv.com\/index.php?rest_route=%2Fwp%2Fv2%2Fcomments&post=52878"}],"version-history":[{"count":1,"href":"https:\/\/www.egemtv.com\/index.php?rest_route=\/wp\/v2\/posts\/52878\/revisions"}],"predecessor-version":[{"id":52880,"href":"https:\/\/www.egemtv.com\/index.php?rest_route=\/wp\/v2\/posts\/52878\/revisions\/52880"}],"wp:featuredmedia":[{"embeddable":true,"href":"https:\/\/www.egemtv.com\/index.php?rest_route=\/wp\/v2\/media\/52879"}],"wp:attachment":[{"href":"https:\/\/www.egemtv.com\/index.php?rest_route=%2Fwp%2Fv2%2Fmedia&parent=52878"}],"wp:term":[{"taxonomy":"category","embeddable":true,"href":"https:\/\/www.egemtv.com\/index.php?rest_route=%2Fwp%2Fv2%2Fcategories&post=52878"},{"taxonomy":"post_tag","embeddable":true,"href":"https:\/\/www.egemtv.com\/index.php?rest_route=%2Fwp%2Fv2%2Ftags&post=52878"}],"curies":[{"name":"wp","href":"https:\/\/api.w.org\/{rel}","templated":true}]}}