{"id":52875,"date":"2025-09-05T18:54:28","date_gmt":"2025-09-05T15:54:28","guid":{"rendered":"https:\/\/www.egemtv.com\/?p=52875"},"modified":"2025-09-05T18:54:29","modified_gmt":"2025-09-05T15:54:29","slug":"usakta-kpss-lisans-sinav-koordinasyon-kurulu-toplantisi-gerceklesti","status":"publish","type":"post","link":"https:\/\/www.egemtv.com\/?p=52875","title":{"rendered":"U\u015fak\u2019ta KPSS Lisans S\u0131nav Koordinasyon Kurulu toplant\u0131s\u0131 ger\u00e7ekle\u015fti"},"content":{"rendered":"<p>\u00d6l\u00e7me, Se\u00e7me ve Yerle\u015ftirme Merkezi Ba\u015fkanl\u0131\u011f\u0131n\u0131n 7 Eyl\u00fcl 2025 tarihinde ger\u00e7ekle\u015ftirece\u011fi Kamu Personel Se\u00e7me S\u0131nav\u0131nda (KPSS Lisans) al\u0131nacak g\u00fcvenlik \u00f6nlemlerini g\u00f6r\u00fc\u015fmek \u00fczere U\u015fak \u00dcniversitesinde s\u0131nav koordinasyon kurulu toplant\u0131s\u0131 yap\u0131ld\u0131.<\/p>\n<p>Rekt\u00f6r Prof. Dr. Ekrem Sava\u015f ba\u015fkanl\u0131\u011f\u0131nda ger\u00e7ekle\u015fen toplant\u0131ya Vali Yard\u0131mc\u0131s\u0131 Bar\u0131\u015f Demirta\u015f, \u0130l Emniyet M\u00fcd\u00fcr\u00fc Mehmet Ali Kolcu, \u0130l Jandarma Komutan\u0131 Kd. Alb. \u00d6zg\u00fcr K\u0131l\u0131\u00e7, Belediye Ba\u015fkan Yard\u0131mc\u0131s\u0131 Reyhan Ayd\u0131n,  \u0130l Milli E\u011fitim M\u00fcd\u00fcr\u00fc Halil Y\u00fccel, \u0130l N\u00fcfus ve Vatanda\u015fl\u0131k M\u00fcd\u00fcr\u00fc V. Dilek \u00c7\u00f6r\u00fck ve S\u0131nav Organizasyon Koordinat\u00f6r\u00fc Prof. Dr. Sadiye Tutsak kat\u0131ld\u0131.<\/p>\n<p>Rekt\u00f6r Prof. Dr. Ekrem Sava\u015f yapt\u0131\u011f\u0131 a\u00e7\u0131klamada; 7 Eyl\u00fcl 2025 Pazar g\u00fcn\u00fc saat 10.15\u2019de yap\u0131lacak olan Kamu Personeli Se\u00e7me S\u0131nav\u0131 (KPSS Lisans)  Genel K\u00fclt\u00fcr \/ Genel Yetenek oturumuna U\u015fak ilinde 2.252 aday\u0131n girece\u011fini belirterek s\u0131nav\u0131n toplam 7 binada yap\u0131laca\u011f\u0131n\u0131 aktard\u0131.<br \/>\n<br \/>S\u0131nav Giri\u015f Belgeleri, T\u00fcrkiye Cumhuriyeti N\u00fcfus C\u00fczdan\u0131 (T\u00fcrkiye Cumhuriyeti Kimlik Kart\u0131 veya ge\u00e7ici kimlik belgesi veya s\u00fcresi ge\u00e7erli pasaport gibi) s\u0131nav k\u0131lavuzunda belirtilen ge\u00e7erli kimlik kartlar\u0131n\u0131 yanlar\u0131nda bulundurmalar\u0131 ve ayr\u0131ca s\u0131nava getirilmesi yasak olan ara\u00e7-gere\u00e7leri yanlar\u0131na almamalar\u0131 konusunda s\u0131nava girecek adaylara uyar\u0131larda bulunan Rekt\u00f6r Sava\u015f, a\u00e7\u0131klamas\u0131nda &#8220;N\u00fcfus c\u00fczdanlar\u0131n\u0131\/Kimlik kartlar\u0131n\u0131 kaybedenler veya yeniden \u00e7\u0131karmak isteyen adaylar i\u00e7in, 7 Eyl\u00fcl 2025 Pazar g\u00fcn\u00fc 07.00 ile 10.00 saatleri aras\u0131nda, \u0130l N\u00fcfus ve Vatanda\u015fl\u0131k M\u00fcd\u00fcrl\u00fc\u011f\u00fc a\u00e7\u0131k olacakt\u0131r. Adaylar\u0131n s\u0131nav g\u00fcn\u00fc s\u0131nav binas\u0131na al\u0131naca\u011f\u0131 son saat 10.00\u2019dur. Adaylar\u0131n s\u0131k\u0131nt\u0131 ya\u015famamalar\u0131 i\u00e7in bu hususlar\u0131 dikkate alarak hareket etmeleri \u00f6nemlidir\u2019\u2019 ifadelerine yer verdi.<\/p>\n<p>S\u0131nava girecek adaylara ba\u015far\u0131lar dileyen Prof. Dr. Sava\u015f, adaylar\u0131n sa\u011fl\u0131kl\u0131 bir ortamda s\u0131navlar\u0131n\u0131 ger\u00e7ekle\u015ftirmeleri i\u00e7in, U\u015fak Valili\u011fi ba\u015fta olmak \u00fczere U\u015fak Belediyesi, \u0130l Emniyet M\u00fcd\u00fcrl\u00fc\u011f\u00fc ve ilgili kurumlar\u0131n gerekli tedbirleri ald\u0131klar\u0131n\u0131 s\u00f6zlerine ekledi.<br \/>\n<br \/>S\u0131nav Koordinasyon Kurulu toplant\u0131s\u0131n\u0131n ard\u0131ndan S\u0131nav Organizasyon Koordinat\u00f6r\u00fc Prof. Dr. Sadiye Tutsak taraf\u0131ndan s\u0131nav g\u00f6revlilerine y\u00f6nelik \u00e7evrimi\u00e7i bilgilendirme toplant\u0131s\u0131 ger\u00e7ekle\u015ftirildi.<br \/><\/p>\n","protected":false},"excerpt":{"rendered":"<p>\u00d6l\u00e7me, Se\u00e7me ve Yerle\u015ftirme Merkezi Ba\u015fkanl\u0131\u011f\u0131n\u0131n 7 Eyl\u00fcl 2025 tarihinde ger\u00e7ekle\u015ftirece\u011fi Kamu Personel Se\u00e7me S\u0131nav\u0131nda (KPSS Lisans) al\u0131nacak g\u00fcvenlik \u00f6nlemlerini g\u00f6r\u00fc\u015fmek \u00fczere U\u015fak \u00dcniversitesinde s\u0131nav koordinasyon kurulu toplant\u0131s\u0131 yap\u0131ld\u0131. Rekt\u00f6r Prof. Dr. Ekrem Sava\u015f ba\u015fkanl\u0131\u011f\u0131nda ger\u00e7ekle\u015fen toplant\u0131ya Vali Yard\u0131mc\u0131s\u0131 Bar\u0131\u015f Demirta\u015f, \u0130l Emniyet M\u00fcd\u00fcr\u00fc Mehmet Ali Kolcu, \u0130l Jandarma Komutan\u0131 Kd. Alb. \u00d6zg\u00fcr K\u0131l\u0131\u00e7, Belediye&#8230;<\/p>\n","protected":false},"author":1,"featured_media":52876,"comment_status":"open","ping_status":"open","sticky":false,"template":"","format":"standard","meta":{"_crdt_document":"","footnotes":""},"categories":[1],"tags":[],"class_list":["post-52875","post","type-post","status-publish","format-standard","has-post-thumbnail","hentry","category-guncel"],"_links":{"self":[{"href":"https:\/\/www.egemtv.com\/index.php?rest_route=\/wp\/v2\/posts\/52875","targetHints":{"allow":["GET"]}}],"collection":[{"href":"https:\/\/www.egemtv.com\/index.php?rest_route=\/wp\/v2\/posts"}],"about":[{"href":"https:\/\/www.egemtv.com\/index.php?rest_route=\/wp\/v2\/types\/post"}],"author":[{"embeddable":true,"href":"https:\/\/www.egemtv.com\/index.php?rest_route=\/wp\/v2\/users\/1"}],"replies":[{"embeddable":true,"href":"https:\/\/www.egemtv.com\/index.php?rest_route=%2Fwp%2Fv2%2Fcomments&post=52875"}],"version-history":[{"count":1,"href":"https:\/\/www.egemtv.com\/index.php?rest_route=\/wp\/v2\/posts\/52875\/revisions"}],"predecessor-version":[{"id":52877,"href":"https:\/\/www.egemtv.com\/index.php?rest_route=\/wp\/v2\/posts\/52875\/revisions\/52877"}],"wp:featuredmedia":[{"embeddable":true,"href":"https:\/\/www.egemtv.com\/index.php?rest_route=\/wp\/v2\/media\/52876"}],"wp:attachment":[{"href":"https:\/\/www.egemtv.com\/index.php?rest_route=%2Fwp%2Fv2%2Fmedia&parent=52875"}],"wp:term":[{"taxonomy":"category","embeddable":true,"href":"https:\/\/www.egemtv.com\/index.php?rest_route=%2Fwp%2Fv2%2Fcategories&post=52875"},{"taxonomy":"post_tag","embeddable":true,"href":"https:\/\/www.egemtv.com\/index.php?rest_route=%2Fwp%2Fv2%2Ftags&post=52875"}],"curies":[{"name":"wp","href":"https:\/\/api.w.org\/{rel}","templated":true}]}}