{"id":52872,"date":"2025-09-05T18:35:01","date_gmt":"2025-09-05T15:35:01","guid":{"rendered":"https:\/\/www.egemtv.com\/?p=52872"},"modified":"2025-09-05T18:35:02","modified_gmt":"2025-09-05T15:35:02","slug":"hayirsever-is-adami-mustafa-ustek-denizliye-yeni-bir-cocuk-gelisim-merkezi-kazandiriyor","status":"publish","type":"post","link":"https:\/\/www.egemtv.com\/?p=52872","title":{"rendered":"Hay\u0131rsever i\u015f adam\u0131 Mustafa \u00dcstek, Denizli\u2019ye yeni bir \u00e7ocuk geli\u015fim merkezi kazand\u0131r\u0131yor"},"content":{"rendered":"<p>Denizli\u2019de hay\u0131rsever i\u015f adam\u0131 Mustafa \u00dcstek taraf\u0131ndan, \u00e7ocuklar\u0131n g\u00fcvenli ve modern ortamlarda e\u011fitim g\u00f6rmesini sa\u011flayacak yeni bir \u00e7ocuk geli\u015fim merkezi in\u015fa edilecek.<\/p>\n<p>Denizli\u2019de okul \u00f6ncesi e\u011fitim imk\u00e2nlar\u0131n\u0131 art\u0131rmak ve ailelerin en b\u00fcy\u00fck ihtiya\u00e7lar\u0131ndan birine kal\u0131c\u0131 \u00e7\u00f6z\u00fcm getirmek amac\u0131yla yeni bir ad\u0131m at\u0131ld\u0131. Denizli B\u00fcy\u00fck\u015fehir Belediye Ba\u015fkan\u0131 B\u00fclent Nuri \u00c7avu\u015fo\u011flu ile hay\u0131rsever i\u015f adam\u0131 Mustafa \u00dcstek aras\u0131nda imzalanan protokol kapsam\u0131nda Denizli\u2019ye yeni bir \u00e7ocuk geli\u015fim merkezi kazand\u0131r\u0131lacak. Modern yap\u0131s\u0131 ve \u00e7ocuklar\u0131n geli\u015fimini destekleyecek donan\u0131mlar\u0131yla \u00f6ne \u00e7\u0131kacak olan proje, ailelerin y\u00fck\u00fcn\u00fc hafifletecek ve \u00e7ocuklara g\u00fcvenli bir e\u011fitim ortam\u0131 sunacak.<\/p>\n<p>Merkezefendi Mahallesine 220 \u00f6\u011frenci kapasiteli dev tesis<br \/>\n<br \/>Yeni kre\u015f projesi Merkezefendi Mahallesi\u2019nde 1500 metrekarelik alanda y\u00fckselecek. Toplam \u00fc\u00e7 katl\u0131 olarak planlanan binada 11 adet s\u0131n\u0131f, oyun, uyku ve etkinlik odalar\u0131 ile yemekhane yer alacak. 220 \u00f6\u011frenci kapasitesine sahip olacak modern tesis, dezavantajl\u0131 ailelerin \u00e7ocuklar\u0131na hem e\u011fitim hem de sosyal beceriler kazand\u0131racak. \u00c7ocuklar\u0131n bilin\u00e7, duygusal, sosyal ve fiziksel geli\u015fimini desteklemek amac\u0131yla modern ve g\u00fcvenli bir ortamda hizmet verecek olan tesis; uzman e\u011fitimciler ve pedagoglar e\u015fli\u011finde haz\u0131rlanacak e\u011fitim programlar\u0131, oyun temelli at\u00f6lyeler ve ailelere y\u00f6nelik dan\u0131\u015fmanl\u0131k hizmetleriyle minik \u00f6\u011frencilerin sa\u011fl\u0131kl\u0131 geli\u015fimine katk\u0131 sa\u011flayacak<\/p>\n<p>&#8220;Belediye yeri verdi, biz de in\u015fa edece\u011fiz&#8221;<br \/>\n<br \/>Belediye taraf\u0131ndan tahsis edilen araziye in\u015faat\u0131 kendilerinin yapaca\u011f\u0131n\u0131 belirten i\u015f adam\u0131 Mustafa \u00dcstek, &#8220;B\u00f6yle bir hayra vesile olmak da bizzat yapmak kadar de\u011ferlidir. Biz bu \u015fehrin evlatlar\u0131y\u0131z, bu \u015fehirden ekmek yiyoruz. Ahirete intikal ederken bu d\u00fcnyada kal\u0131c\u0131 eserler b\u0131rakmak istiyoruz. \u015eehrin g\u00fczel bir noktas\u0131nda, ekonomik durumu iyi olmayan ailelerin evlatlar\u0131na kre\u015f hizmeti verece\u011fiz. Ba\u015fkan\u0131m\u0131za tekrardan te\u015fekk\u00fcr ediyoruz, onlar yeri verdi biz de in\u015fa edece\u011fiz&#8221; ifadelerini kulland\u0131.<br \/><\/p>\n","protected":false},"excerpt":{"rendered":"<p>Denizli\u2019de hay\u0131rsever i\u015f adam\u0131 Mustafa \u00dcstek taraf\u0131ndan, \u00e7ocuklar\u0131n g\u00fcvenli ve modern ortamlarda e\u011fitim g\u00f6rmesini sa\u011flayacak yeni bir \u00e7ocuk geli\u015fim merkezi in\u015fa edilecek. Denizli\u2019de okul \u00f6ncesi e\u011fitim imk\u00e2nlar\u0131n\u0131 art\u0131rmak ve ailelerin en b\u00fcy\u00fck ihtiya\u00e7lar\u0131ndan birine kal\u0131c\u0131 \u00e7\u00f6z\u00fcm getirmek amac\u0131yla yeni bir ad\u0131m at\u0131ld\u0131. Denizli B\u00fcy\u00fck\u015fehir Belediye Ba\u015fkan\u0131 B\u00fclent Nuri \u00c7avu\u015fo\u011flu ile hay\u0131rsever i\u015f adam\u0131 Mustafa \u00dcstek&#8230;<\/p>\n","protected":false},"author":1,"featured_media":52873,"comment_status":"open","ping_status":"open","sticky":false,"template":"","format":"standard","meta":{"_crdt_document":"","footnotes":""},"categories":[1],"tags":[],"class_list":["post-52872","post","type-post","status-publish","format-standard","has-post-thumbnail","hentry","category-guncel"],"_links":{"self":[{"href":"https:\/\/www.egemtv.com\/index.php?rest_route=\/wp\/v2\/posts\/52872","targetHints":{"allow":["GET"]}}],"collection":[{"href":"https:\/\/www.egemtv.com\/index.php?rest_route=\/wp\/v2\/posts"}],"about":[{"href":"https:\/\/www.egemtv.com\/index.php?rest_route=\/wp\/v2\/types\/post"}],"author":[{"embeddable":true,"href":"https:\/\/www.egemtv.com\/index.php?rest_route=\/wp\/v2\/users\/1"}],"replies":[{"embeddable":true,"href":"https:\/\/www.egemtv.com\/index.php?rest_route=%2Fwp%2Fv2%2Fcomments&post=52872"}],"version-history":[{"count":1,"href":"https:\/\/www.egemtv.com\/index.php?rest_route=\/wp\/v2\/posts\/52872\/revisions"}],"predecessor-version":[{"id":52874,"href":"https:\/\/www.egemtv.com\/index.php?rest_route=\/wp\/v2\/posts\/52872\/revisions\/52874"}],"wp:featuredmedia":[{"embeddable":true,"href":"https:\/\/www.egemtv.com\/index.php?rest_route=\/wp\/v2\/media\/52873"}],"wp:attachment":[{"href":"https:\/\/www.egemtv.com\/index.php?rest_route=%2Fwp%2Fv2%2Fmedia&parent=52872"}],"wp:term":[{"taxonomy":"category","embeddable":true,"href":"https:\/\/www.egemtv.com\/index.php?rest_route=%2Fwp%2Fv2%2Fcategories&post=52872"},{"taxonomy":"post_tag","embeddable":true,"href":"https:\/\/www.egemtv.com\/index.php?rest_route=%2Fwp%2Fv2%2Ftags&post=52872"}],"curies":[{"name":"wp","href":"https:\/\/api.w.org\/{rel}","templated":true}]}}