{"id":52869,"date":"2025-09-05T18:14:59","date_gmt":"2025-09-05T15:14:59","guid":{"rendered":"https:\/\/www.egemtv.com\/?p=52869"},"modified":"2025-09-05T18:14:59","modified_gmt":"2025-09-05T15:14:59","slug":"fethiyede-dehset-sacan-damada-3-kez-agirlastirilmis-muebbet-hapis","status":"publish","type":"post","link":"https:\/\/www.egemtv.com\/?p=52869","title":{"rendered":"Fethiye\u2019de deh\u015fet sa\u00e7an damada 3 kez a\u011f\u0131rla\u015ft\u0131r\u0131lm\u0131\u015f m\u00fcebbet hapis"},"content":{"rendered":"<p>Mu\u011fla\u2019n\u0131n Fethiye il\u00e7esinde kay\u0131npederi, kay\u0131nvalidesi ve olayla alakal\u0131 olmayan 1 ki\u015fiyi \u00f6ld\u00fcr\u00fcp ayr\u0131ca 2 ki\u015fiyi yaralayan \u015fah\u0131s, yarg\u0131land\u0131\u011f\u0131 davada 3 kez a\u011f\u0131rla\u015ft\u0131r\u0131lm\u0131\u015f m\u00fcebbet ve toplam 31 y\u0131l hapis cezas\u0131na \u00e7arpt\u0131r\u0131ld\u0131. Ayr\u0131ca mahkeme hi\u00e7bir indirim uygulamad\u0131.<br \/>\n<br \/>Olay, 29 Haziran 2024 sabah\u0131 Kayak\u00f6y Mahallesi\u2019nde meydana geldi. Bo\u015fanma a\u015famas\u0131ndaki e\u015finin ailesinin evine giden \u00d6zcan Aybey (42), tart\u0131\u015ft\u0131\u011f\u0131 kay\u0131npederi \u015e\u00fckr\u00fc Aysu (53) ve kay\u0131nvalidesi Adile Aysu\u2019yu (52) tabancayla \u00f6ld\u00fcrd\u00fc. Olay yerinden ka\u00e7an Aybey, daha sonra bir villada \u00e7al\u0131\u015fan Muhammet Akbaba\u2019y\u0131 (49) vurarak \u00f6ld\u00fcrd\u00fc, Esat Ulu ve Serdar Gen\u00e7\u2019i ise yaralad\u0131. Fethiye 3. A\u011f\u0131r Ceza Mahkemesi\u2019nde g\u00f6r\u00fclen karar duru\u015fmas\u0131nda san\u0131k son s\u00f6z\u00fcnde, &#8220;Ben kay\u0131npederimi ve kay\u0131nvalidemi \u00f6ld\u00fcrmedim. Canavarca hisle de hareket etmedim. Beraat istemiyorum ama makul bir ceza bekliyorum&#8221; dedi.<br \/>\n<br \/>Mahkeme heyeti, \u00d6zcan Aybey\u2019e \u015e\u00fckr\u00fc ve Adile Aysu\u2019yu tasarlayarak kasten \u00f6ld\u00fcrmekten dolay\u0131 2 kez a\u011f\u0131rla\u015ft\u0131r\u0131lm\u0131\u015f m\u00fcebbet Muhammet Akbaba\u2019y\u0131 olayla alakas\u0131 olmadan sadece \u00f6ld\u00fcrmek i\u00e7in kasten \u00f6ld\u00fcrd\u00fc\u011f\u00fc i\u00e7in 1 kez a\u011f\u0131rla\u015ft\u0131r\u0131lm\u0131\u015f m\u00fcebbet, ayr\u0131ca Esat Ulu ve Serdar Gen\u00e7\u2019i kasten \u00f6ld\u00fcrmeye te\u015febb\u00fcsten 24 y\u0131l, konut dokunulmazl\u0131\u011f\u0131n\u0131 ihlalden 6 y\u0131l ve mala zarar vermeden 1 y\u0131l hapis cezas\u0131 verdi.<br \/>\n<br \/>Karar\u0131n ard\u0131ndan Muhammet Akbaba\u2019n\u0131n ailesi g\u00f6zya\u015flar\u0131na bo\u011fuldu. Aybey ailesinin avukat\u0131 H\u00fcseyin \u00dcmit, &#8220;Bekledi\u011fimiz karar \u00e7\u0131kt\u0131. 3 kez a\u011f\u0131rla\u015ft\u0131r\u0131lm\u0131\u015f m\u00fcebbet talep ediyorduk&#8221; dedi.<br \/>\n<br \/>Akbaba ailesinin avukat\u0131 Halil \u0130brahim B\u00f6l\u00fck ise, &#8220;Hi\u00e7 indirim yap\u0131lmadan karar verildi. Savc\u0131l\u0131\u011f\u0131n t\u00fcm talepleri kar\u015f\u0131land\u0131. Ya\u015fas\u0131n T\u00fcrk yarg\u0131s\u0131&#8221; ifadelerini kulland\u0131.<br \/><\/p>\n","protected":false},"excerpt":{"rendered":"<p>Mu\u011fla\u2019n\u0131n Fethiye il\u00e7esinde kay\u0131npederi, kay\u0131nvalidesi ve olayla alakal\u0131 olmayan 1 ki\u015fiyi \u00f6ld\u00fcr\u00fcp ayr\u0131ca 2 ki\u015fiyi yaralayan \u015fah\u0131s, yarg\u0131land\u0131\u011f\u0131 davada 3 kez a\u011f\u0131rla\u015ft\u0131r\u0131lm\u0131\u015f m\u00fcebbet ve toplam 31 y\u0131l hapis cezas\u0131na \u00e7arpt\u0131r\u0131ld\u0131. Ayr\u0131ca mahkeme hi\u00e7bir indirim uygulamad\u0131. Olay, 29 Haziran 2024 sabah\u0131 Kayak\u00f6y Mahallesi\u2019nde meydana geldi. Bo\u015fanma a\u015famas\u0131ndaki e\u015finin ailesinin evine giden \u00d6zcan Aybey (42), tart\u0131\u015ft\u0131\u011f\u0131 kay\u0131npederi&#8230;<\/p>\n","protected":false},"author":1,"featured_media":52870,"comment_status":"open","ping_status":"open","sticky":false,"template":"","format":"standard","meta":{"_crdt_document":"","footnotes":""},"categories":[5],"tags":[],"class_list":["post-52869","post","type-post","status-publish","format-standard","has-post-thumbnail","hentry","category-asayis"],"_links":{"self":[{"href":"https:\/\/www.egemtv.com\/index.php?rest_route=\/wp\/v2\/posts\/52869","targetHints":{"allow":["GET"]}}],"collection":[{"href":"https:\/\/www.egemtv.com\/index.php?rest_route=\/wp\/v2\/posts"}],"about":[{"href":"https:\/\/www.egemtv.com\/index.php?rest_route=\/wp\/v2\/types\/post"}],"author":[{"embeddable":true,"href":"https:\/\/www.egemtv.com\/index.php?rest_route=\/wp\/v2\/users\/1"}],"replies":[{"embeddable":true,"href":"https:\/\/www.egemtv.com\/index.php?rest_route=%2Fwp%2Fv2%2Fcomments&post=52869"}],"version-history":[{"count":1,"href":"https:\/\/www.egemtv.com\/index.php?rest_route=\/wp\/v2\/posts\/52869\/revisions"}],"predecessor-version":[{"id":52871,"href":"https:\/\/www.egemtv.com\/index.php?rest_route=\/wp\/v2\/posts\/52869\/revisions\/52871"}],"wp:featuredmedia":[{"embeddable":true,"href":"https:\/\/www.egemtv.com\/index.php?rest_route=\/wp\/v2\/media\/52870"}],"wp:attachment":[{"href":"https:\/\/www.egemtv.com\/index.php?rest_route=%2Fwp%2Fv2%2Fmedia&parent=52869"}],"wp:term":[{"taxonomy":"category","embeddable":true,"href":"https:\/\/www.egemtv.com\/index.php?rest_route=%2Fwp%2Fv2%2Fcategories&post=52869"},{"taxonomy":"post_tag","embeddable":true,"href":"https:\/\/www.egemtv.com\/index.php?rest_route=%2Fwp%2Fv2%2Ftags&post=52869"}],"curies":[{"name":"wp","href":"https:\/\/api.w.org\/{rel}","templated":true}]}}