{"id":52866,"date":"2025-09-05T17:54:57","date_gmt":"2025-09-05T14:54:57","guid":{"rendered":"https:\/\/www.egemtv.com\/?p=52866"},"modified":"2025-09-05T17:54:58","modified_gmt":"2025-09-05T14:54:58","slug":"taristen-alasehirlilere-ucretsiz-uzum-suyu-ikrami","status":"publish","type":"post","link":"https:\/\/www.egemtv.com\/?p=52866","title":{"rendered":"TAR\u0130\u015e\u2019ten Ala\u015fehirlilere \u00fccretsiz \u00fcz\u00fcm suyu ikram\u0131"},"content":{"rendered":"<p>Manisa\u2019n\u0131n Ala\u015fehir il\u00e7esinde 5 Eyl\u00fcl Kurtulu\u015f G\u00fcn\u00fc kutlamalar\u0131 kapsam\u0131nda TAR\u0130\u015e Ala\u015fehir Kooperatifi taraf\u0131ndan vatanda\u015flara \u00fccretsiz \u00fcz\u00fcm suyu ikram edildi.<br \/>\n<br \/>Cumhuriyet Meydan\u0131 Sevgi Yolu \u00fczerinde kurulan stantta TAR\u0130\u015e Ala\u015fehir tesislerinde \u00fcretilen yakla\u015f\u0131k 2 ton \u00fcz\u00fcm suyu da\u011f\u0131t\u0131ld\u0131. Manisa B\u00fcy\u00fck\u015fehir Belediye Ba\u015fkan\u0131 Besim Dutlulu ve Ala\u015fehir Belediye Ba\u015fkan\u0131 Ahmet \u00d6k\u00fczc\u00fco\u011flu da stantta vatanda\u015flarla birlikte \u00fcz\u00fcm suyu i\u00e7ti.<br \/>\n<br \/>Ba\u015fkan Dutlulu, \u00e7ocukluk y\u0131llar\u0131nda \u00fcz\u00fcm suyunu \u00e7ok t\u00fckettiklerini belirterek, &#8220;\u00c7ok severdim, \u00e7ok g\u00fczel olmu\u015f&#8221; dedi. Ala\u015fehir Belediye Ba\u015fkan\u0131 \u00d6k\u00fczc\u00fco\u011flu ise &#8220;Ala\u015fehir\u2019imizin organik \u00fcz\u00fcmlerinden elde edilen \u00fcz\u00fcm suyu \u00e7ok g\u00fczel. TAR\u0130\u015e \u00e7al\u0131\u015fanlar\u0131n\u0131 kutluyorum&#8221; diye konu\u015ftu.<br \/>\n<br \/>TAR\u0130\u015e \u00dcz\u00fcm Birli\u011fi Ba\u015fkan\u0131 Ferhat \u015een ise etkinlikle ilgili olarak, &#8220;Kurtulu\u015f \u015fenlikleri kapsam\u0131nda kendi \u00fcz\u00fcmlerimizden, kendi tesislerimizde \u00fcretti\u011fimiz \u00fcz\u00fcm suyunu vatanda\u015flar\u0131m\u0131za ikram ettik&#8221; dedi.<br \/><\/p>\n","protected":false},"excerpt":{"rendered":"<p>Manisa\u2019n\u0131n Ala\u015fehir il\u00e7esinde 5 Eyl\u00fcl Kurtulu\u015f G\u00fcn\u00fc kutlamalar\u0131 kapsam\u0131nda TAR\u0130\u015e Ala\u015fehir Kooperatifi taraf\u0131ndan vatanda\u015flara \u00fccretsiz \u00fcz\u00fcm suyu ikram edildi. Cumhuriyet Meydan\u0131 Sevgi Yolu \u00fczerinde kurulan stantta TAR\u0130\u015e Ala\u015fehir tesislerinde \u00fcretilen yakla\u015f\u0131k 2 ton \u00fcz\u00fcm suyu da\u011f\u0131t\u0131ld\u0131. Manisa B\u00fcy\u00fck\u015fehir Belediye Ba\u015fkan\u0131 Besim Dutlulu ve Ala\u015fehir Belediye Ba\u015fkan\u0131 Ahmet \u00d6k\u00fczc\u00fco\u011flu da stantta vatanda\u015flarla birlikte \u00fcz\u00fcm suyu i\u00e7ti&#8230;.<\/p>\n","protected":false},"author":1,"featured_media":52867,"comment_status":"open","ping_status":"open","sticky":false,"template":"","format":"standard","meta":{"_crdt_document":"","footnotes":""},"categories":[1],"tags":[],"class_list":["post-52866","post","type-post","status-publish","format-standard","has-post-thumbnail","hentry","category-guncel"],"_links":{"self":[{"href":"https:\/\/www.egemtv.com\/index.php?rest_route=\/wp\/v2\/posts\/52866","targetHints":{"allow":["GET"]}}],"collection":[{"href":"https:\/\/www.egemtv.com\/index.php?rest_route=\/wp\/v2\/posts"}],"about":[{"href":"https:\/\/www.egemtv.com\/index.php?rest_route=\/wp\/v2\/types\/post"}],"author":[{"embeddable":true,"href":"https:\/\/www.egemtv.com\/index.php?rest_route=\/wp\/v2\/users\/1"}],"replies":[{"embeddable":true,"href":"https:\/\/www.egemtv.com\/index.php?rest_route=%2Fwp%2Fv2%2Fcomments&post=52866"}],"version-history":[{"count":1,"href":"https:\/\/www.egemtv.com\/index.php?rest_route=\/wp\/v2\/posts\/52866\/revisions"}],"predecessor-version":[{"id":52868,"href":"https:\/\/www.egemtv.com\/index.php?rest_route=\/wp\/v2\/posts\/52866\/revisions\/52868"}],"wp:featuredmedia":[{"embeddable":true,"href":"https:\/\/www.egemtv.com\/index.php?rest_route=\/wp\/v2\/media\/52867"}],"wp:attachment":[{"href":"https:\/\/www.egemtv.com\/index.php?rest_route=%2Fwp%2Fv2%2Fmedia&parent=52866"}],"wp:term":[{"taxonomy":"category","embeddable":true,"href":"https:\/\/www.egemtv.com\/index.php?rest_route=%2Fwp%2Fv2%2Fcategories&post=52866"},{"taxonomy":"post_tag","embeddable":true,"href":"https:\/\/www.egemtv.com\/index.php?rest_route=%2Fwp%2Fv2%2Ftags&post=52866"}],"curies":[{"name":"wp","href":"https:\/\/api.w.org\/{rel}","templated":true}]}}