{"id":52863,"date":"2025-09-05T17:54:56","date_gmt":"2025-09-05T14:54:56","guid":{"rendered":"https:\/\/www.egemtv.com\/?p=52863"},"modified":"2025-09-05T17:54:57","modified_gmt":"2025-09-05T14:54:57","slug":"turkiyeyi-dunyaya-tanitmak-icin-basladigi-5-bin-kilometrelik-ultra-maratonda-6inci-duragi-kusadasi-oldu","status":"publish","type":"post","link":"https:\/\/www.egemtv.com\/?p=52863","title":{"rendered":"T\u00fcrkiye\u2019yi d\u00fcnyaya tan\u0131tmak i\u00e7in ba\u015flad\u0131\u011f\u0131 5 bin kilometrelik ultra maratonda 6\u2019\u0131nc\u0131 dura\u011f\u0131 Ku\u015fadas\u0131 oldu"},"content":{"rendered":"<p>Almanya\u2019da ya\u015fayan 32 ya\u015f\u0131ndaki gurbet\u00e7i Sava\u015f \u00c7oban\u2019\u0131n T\u00fcrk k\u00fclt\u00fcr\u00fcn\u00fc d\u00fcnyaya tan\u0131tmak i\u00e7in ge\u00e7ti\u011fimiz ay \u0130stanbul\u2019dan ba\u015flad\u0131\u011f\u0131 ultra maratonda 6\u2019\u0131nc\u0131 dura\u011f\u0131 Ayd\u0131n\u2019\u0131n Ku\u015fadas\u0131 il\u00e7esi oldu. T\u00fcrkiye\u2019yi yakla\u015f\u0131k 5 bin kilometre ko\u015farak dola\u015facak olan \u00c7oban, &#8220;Maceram\u0131n 70 veya 80 g\u00fcn s\u00fcrmesini planl\u0131yorum. Umar\u0131m \u00fclkemin tan\u0131t\u0131m\u0131na \u00f6nemli bir katk\u0131 sa\u011flar\u0131m&#8221; dedi.<br \/>\n<br \/>M\u00fcnih\u2019te ya\u015fayan Sava\u015f \u00c7oban, T\u00fcrk k\u00fclt\u00fcr\u00fcn\u00fc d\u00fcnyaya tan\u0131tmak amac\u0131yla y\u0131lba\u015f\u0131nda T\u00fcrkiye\u2019yi ko\u015farak dola\u015fmaya karar verdi. Yakla\u015f\u0131k 2 ay boyunca plan ve haz\u0131rl\u0131k yapan \u00c7oban, rotas\u0131n\u0131 belirledikten sonra ge\u00e7en 24 A\u011fustos\u2019ta \u0130stanbul\u2019un Sultanahmet Meydan\u0131\u2019ndan ultra maraton ko\u015fununa ba\u015flad\u0131. \u0130stanbul, Tekirda\u011f, \u00c7anakkale, Bal\u0131kesir ve \u0130zmir k\u0131y\u0131 \u015feridi boyunca ko\u015fan Sava\u015f \u00c7oban\u2019\u0131n 689 kilometre yol kat ettikten sonraki 6\u2019\u0131nc\u0131 dura\u011f\u0131 Ayd\u0131n\u2019\u0131n turistik il\u00e7esi Ku\u015fadas\u0131 oldu.<br \/>\n<br \/>Ku\u015fadas\u0131\u2019nda 1 g\u00fcn konaklayan \u00c7oban, d\u00fcn Mu\u011fla\u2019n\u0131n Milas il\u00e7esine do\u011fru yeniden ko\u015fmaya ba\u015flad\u0131. Gurbet\u00e7i Sava\u015f \u00c7oban Akdeniz k\u0131y\u0131s\u0131 boyunca ilerledikten sonra Gaziantep, \u015eanl\u0131urfa, Mardin, Siirt, Van, A\u011fr\u0131 ve Erzurum\u2019u ge\u00e7ip, daha sonra Karadeniz k\u0131y\u0131lar\u0131na y\u00f6nelecek. \u00c7oban, yetmi\u015f veya 80 g\u00fcn s\u00fcrmesini planlad\u0131\u011f\u0131 5 bin kilometrelik ultra maratonu yine \u0130stanbul\u2019da tamamlayacak.<\/p>\n<p>&#8220;Mo\u011folistan\u2019\u0131 bir u\u00e7tan bir uca kat ettim&#8221;<br \/>\n<br \/>Daha \u00f6nce de benzer ultra maratonlar ko\u015ftu\u011funu belirten Sava\u015f \u00c7oban, &#8220;2021 y\u0131l\u0131nda Almanya\u2019n\u0131n M\u00fcnih kentinden \u0130stanbul\u2019a kadar 2 bin 250 kilometre ko\u015ftum. 2022\u2019de de Peru\u2019yu 87 g\u00fcn boyunca ko\u015farak dola\u015ft\u0131m. Daha sonra da yine ko\u015farak Mo\u011folistan\u2019\u0131 bir u\u00e7tan bir uca kat ettim. Ultra maraton ko\u015fum s\u0131ras\u0131nda sabah erkenden kalk\u0131p, gece ge\u00e7 saatlere kadar rotamda ilerliyorum. Daha sonra sadece dinlenmek ve yemek ihtiyac\u0131m\u0131 gidermek i\u00e7in ara veriyorum&#8221; dedi.<br \/>\n<br \/>Ultra maraton ko\u015fusu s\u0131ras\u0131nda ba\u015f\u0131na ilgin\u00e7 olaylar geldi\u011fini de s\u00f6yleyen \u00c7oban, &#8220;Almanya\u2019dan T\u00fcrkiye\u2019ye ko\u015farken 9 \u00fclke ge\u00e7tim. Balkan \u00fclkelerine geldi\u011fimde s\u0131n\u0131rdan ge\u00e7erken polis beni hep ka\u00e7ak g\u00f6\u00e7men sand\u0131. \u015eu ana kadar T\u00fcrkiye\u2019de ilgin\u00e7 bir olay veya sorun ya\u015famad\u0131m. Amac\u0131m \u00fclkemi ve T\u00fcrk k\u00fclt\u00fcr\u00fcn\u00fc yurt d\u0131\u015f\u0131nda ya\u015fayanlara tan\u0131tmak. Maceram\u0131n 70 veya 80 g\u00fcn s\u00fcrmesini planl\u0131yorum. Umar\u0131m \u00fclkeme \u00f6nemli bir katk\u0131 sa\u011flar\u0131m. \u0130lk defa geldi\u011fim Ku\u015fadas\u0131\u2019n\u0131 da \u00e7ok be\u011fendim&#8221; diye konu\u015ftu.<br \/><\/p>\n","protected":false},"excerpt":{"rendered":"<p>Almanya\u2019da ya\u015fayan 32 ya\u015f\u0131ndaki gurbet\u00e7i Sava\u015f \u00c7oban\u2019\u0131n T\u00fcrk k\u00fclt\u00fcr\u00fcn\u00fc d\u00fcnyaya tan\u0131tmak i\u00e7in ge\u00e7ti\u011fimiz ay \u0130stanbul\u2019dan ba\u015flad\u0131\u011f\u0131 ultra maratonda 6\u2019\u0131nc\u0131 dura\u011f\u0131 Ayd\u0131n\u2019\u0131n Ku\u015fadas\u0131 il\u00e7esi oldu. T\u00fcrkiye\u2019yi yakla\u015f\u0131k 5 bin kilometre ko\u015farak dola\u015facak olan \u00c7oban, &#8220;Maceram\u0131n 70 veya 80 g\u00fcn s\u00fcrmesini planl\u0131yorum. Umar\u0131m \u00fclkemin tan\u0131t\u0131m\u0131na \u00f6nemli bir katk\u0131 sa\u011flar\u0131m&#8221; dedi. M\u00fcnih\u2019te ya\u015fayan Sava\u015f \u00c7oban, T\u00fcrk k\u00fclt\u00fcr\u00fcn\u00fc d\u00fcnyaya&#8230;<\/p>\n","protected":false},"author":1,"featured_media":52864,"comment_status":"open","ping_status":"open","sticky":false,"template":"","format":"standard","meta":{"_crdt_document":"","footnotes":""},"categories":[123],"tags":[],"class_list":["post-52863","post","type-post","status-publish","format-standard","has-post-thumbnail","hentry","category-gundem"],"_links":{"self":[{"href":"https:\/\/www.egemtv.com\/index.php?rest_route=\/wp\/v2\/posts\/52863","targetHints":{"allow":["GET"]}}],"collection":[{"href":"https:\/\/www.egemtv.com\/index.php?rest_route=\/wp\/v2\/posts"}],"about":[{"href":"https:\/\/www.egemtv.com\/index.php?rest_route=\/wp\/v2\/types\/post"}],"author":[{"embeddable":true,"href":"https:\/\/www.egemtv.com\/index.php?rest_route=\/wp\/v2\/users\/1"}],"replies":[{"embeddable":true,"href":"https:\/\/www.egemtv.com\/index.php?rest_route=%2Fwp%2Fv2%2Fcomments&post=52863"}],"version-history":[{"count":1,"href":"https:\/\/www.egemtv.com\/index.php?rest_route=\/wp\/v2\/posts\/52863\/revisions"}],"predecessor-version":[{"id":52865,"href":"https:\/\/www.egemtv.com\/index.php?rest_route=\/wp\/v2\/posts\/52863\/revisions\/52865"}],"wp:featuredmedia":[{"embeddable":true,"href":"https:\/\/www.egemtv.com\/index.php?rest_route=\/wp\/v2\/media\/52864"}],"wp:attachment":[{"href":"https:\/\/www.egemtv.com\/index.php?rest_route=%2Fwp%2Fv2%2Fmedia&parent=52863"}],"wp:term":[{"taxonomy":"category","embeddable":true,"href":"https:\/\/www.egemtv.com\/index.php?rest_route=%2Fwp%2Fv2%2Fcategories&post=52863"},{"taxonomy":"post_tag","embeddable":true,"href":"https:\/\/www.egemtv.com\/index.php?rest_route=%2Fwp%2Fv2%2Ftags&post=52863"}],"curies":[{"name":"wp","href":"https:\/\/api.w.org\/{rel}","templated":true}]}}