{"id":52857,"date":"2025-09-05T17:34:49","date_gmt":"2025-09-05T14:34:49","guid":{"rendered":"https:\/\/www.egemtv.com\/?p=52857"},"modified":"2025-09-05T17:34:49","modified_gmt":"2025-09-05T14:34:49","slug":"buyuksehir-mentesede-175-milyonluk-yol-yatirimini-tamamladi","status":"publish","type":"post","link":"https:\/\/www.egemtv.com\/?p=52857","title":{"rendered":"B\u00fcy\u00fck\u015fehir Mente\u015fe\u2019de 17,5 milyonluk yol yat\u0131r\u0131m\u0131n\u0131 tamamlad\u0131"},"content":{"rendered":"<p>Mu\u011fla B\u00fcy\u00fck\u015fehir Belediyesi, Mente\u015fe il\u00e7esinde 17 milyon 500 bin TL\u2019lik yat\u0131r\u0131mla \u015fehir i\u00e7i yollarda ba\u015flatt\u0131\u011f\u0131 asfalt yenileme \u00e7al\u0131\u015fmalar\u0131n\u0131 tamamlad\u0131. \u00c7al\u0131\u015fmalar kapsam\u0131nda, il merkezinde trafik yo\u011funlu\u011funun en fazla ya\u015fand\u0131\u011f\u0131, kullan\u0131m \u00f6mr\u00fcn\u00fc tamamlayan yollar yenilendi.<br \/>\n<br \/>Mu\u011fla B\u00fcy\u00fck\u015fehir Belediyesi, kent merkezi ile k\u0131rsal mahallelerde ula\u015f\u0131m konforunu art\u0131rmak ve vatanda\u015flar\u0131n g\u00fcnl\u00fck ya\u015fam\u0131n\u0131 kolayla\u015ft\u0131rmak amac\u0131yla yol yat\u0131r\u0131mlar\u0131n\u0131 s\u00fcrd\u00fcr\u00fcyor. Bu kapsamda B\u00fcy\u00fck\u015fehir Belediyesi, il merkezinde ara\u00e7 yo\u011funlu\u011fu nedeni ile kullan\u0131m \u00f6mr\u00fcn\u00fc tamamlam\u0131\u015f cadde ve bulvarlarda asfalt yenileme \u00e7al\u0131\u015fmalar\u0131n\u0131 tamamlad\u0131.<br \/>\n<br \/>17 milyon 500 bin TL\u2019lik yat\u0131r\u0131mla hayata ge\u00e7irilen \u00e7al\u0131\u015fmalar kapsam\u0131nda, il merkezinde en fazla yo\u011funlu\u011fun ya\u015fand\u0131\u011f\u0131 ve kullan\u0131m \u00f6mr\u00fcn\u00fc dolduran yollar yenilenerek vatanda\u015flar\u0131n daha g\u00fcvenli ve konforlu ula\u015f\u0131m imk\u00e2n\u0131na kavu\u015fmas\u0131 sa\u011fland\u0131.<br \/>\n<br \/>17,5 Milyon liral\u0131k yol yat\u0131r\u0131m\u0131n\u0131n \u00e7al\u0131\u015fmalar\u0131 tamamland\u0131<br \/>\n<br \/>Proje kapsam\u0131nda yo\u011fun kullan\u0131lan Atat\u00fcrk Bulvar\u0131, U\u011fur Mumcu Bulvar\u0131, Zihni Derin Caddesi, Z\u00fcbeyde Han\u0131m Caddesi ve Recai G\u00fcreli Caddesinde mevcut asfalt kaplamalar tamamen s\u00f6k\u00fclerek yerlerine yeni s\u0131cak asfalt kaplamalar\u0131 uyguland\u0131.<br \/>\n<br \/>Mente\u015fe\u2019nin 5 k\u0131rsal mahallesinde de \u00e7al\u0131\u015fmalar devam ediyor<br \/>\n<br \/>B\u00fcy\u00fck\u015fehir Belediyesi, Mente\u015fe\u2019de \u015fehir i\u00e7i yollar\u0131n yan\u0131 s\u0131ra k\u0131rsal mahallelerde de \u00e7al\u0131\u015fmalar\u0131na devam ediyor.  Mente\u015fe il\u00e7esine ba\u011fl\u0131 \u0130kizce-Koza\u011fa\u00e7 yolunda 2 bin 700 metre, \u00c7\u0131rp\u0131-Maden Oca\u011f\u0131 yolunda bin metre, Koza\u011fa\u00e7-Baraj yolunda 16 bin metre ve \u00c7iftlik-Yerkesik yolunda ise 7 bin metrelik g\u00fczerg\u00e2hta zemin d\u00fczenleme, plentmiks temel serimi ve birinci kat sathi kaplama \u00e7al\u0131\u015fmalar\u0131 ger\u00e7ekle\u015ftiriliyor.<br \/>\n<br \/>Mu\u011fla B\u00fcy\u00fck\u015fehir Belediyesi Fen \u0130\u015fleri Dairesi Ba\u015fkanl\u0131\u011f\u0131nda g\u00f6revli \u0130n\u015faat M\u00fchendisi \u0130pek Dela Ayd\u0131n, &#8220;Mu\u011fla B\u00fcy\u00fck\u015fehir Belediyesi olarak Mente\u015fe il\u00e7emizde \u015fehir i\u00e7i yollar\u0131m\u0131za verdi\u011fimiz \u00f6nem do\u011frultusunda toplamda 17 milyon 500 bin liral\u0131k yat\u0131r\u0131mla ba\u015flatt\u0131\u011f\u0131m\u0131z asfalt yenileme \u00e7al\u0131\u015fmalar\u0131m\u0131z\u0131 tamamlad\u0131k. \u00c7al\u0131\u015fmalar\u0131m\u0131z kapsam\u0131nda Atat\u00fcrk Bulvar\u0131, U\u011fur Mumcu Bulvar\u0131, Zihni Derin Caddesi, Z\u00fcbeyde Han\u0131m Caddesi ve Recai G\u00fcreli Caddelerinde mevcut asfalt\u0131n kullan\u0131m \u00f6mr\u00fcn\u00fc tamamlayan ve deforme olmu\u015f kesimlerinin s\u00f6k\u00fclme yeni s\u0131cak asfalt kaplama imalatlar\u0131n\u0131 tamamlad\u0131k. Bu kapsamda toplamda 5 bin 250 metrelik s\u00f6k\u00fclme s\u0131cak asfalt kaplama imalat\u0131n\u0131 bitirmi\u015f bulunmaktay\u0131z&#8221; diye konu\u015ftu.<br \/>\n<br \/>K\u0131y\u0131 Ege Belediyeler Birli\u011fi ve Mu\u011fla B\u00fcy\u00fck\u015fehir Belediye Ba\u015fkan\u0131 Ahmet Aras, Mente\u015fe\u2019de yol yat\u0131r\u0131mlar\u0131 ile vatanda\u015flar\u0131n g\u00fcnl\u00fck ya\u015fam\u0131n\u0131 kolayla\u015ft\u0131rmay\u0131 hedeflediklerini s\u00f6yledi. Ba\u015fkan Aras, \u015fehir merkezinin yan\u0131 s\u0131ra k\u0131rsal mahallelerde de \u00e7al\u0131\u015fmalar\u0131n devam etti\u011fini, Mu\u011fla\u2019n\u0131n her noktas\u0131nda yollar\u0131m\u0131z\u0131 daha g\u00fcvenli ve konforlu hale getirmek i\u00e7in \u00e7al\u0131\u015fmalar\u0131m\u0131z\u0131 s\u00fcrd\u00fcrd\u00fcklerini a\u00e7\u0131klad\u0131.<br \/><\/p>\n","protected":false},"excerpt":{"rendered":"<p>Mu\u011fla B\u00fcy\u00fck\u015fehir Belediyesi, Mente\u015fe il\u00e7esinde 17 milyon 500 bin TL\u2019lik yat\u0131r\u0131mla \u015fehir i\u00e7i yollarda ba\u015flatt\u0131\u011f\u0131 asfalt yenileme \u00e7al\u0131\u015fmalar\u0131n\u0131 tamamlad\u0131. \u00c7al\u0131\u015fmalar kapsam\u0131nda, il merkezinde trafik yo\u011funlu\u011funun en fazla ya\u015fand\u0131\u011f\u0131, kullan\u0131m \u00f6mr\u00fcn\u00fc tamamlayan yollar yenilendi. Mu\u011fla B\u00fcy\u00fck\u015fehir Belediyesi, kent merkezi ile k\u0131rsal mahallelerde ula\u015f\u0131m konforunu art\u0131rmak ve vatanda\u015flar\u0131n g\u00fcnl\u00fck ya\u015fam\u0131n\u0131 kolayla\u015ft\u0131rmak amac\u0131yla yol yat\u0131r\u0131mlar\u0131n\u0131 s\u00fcrd\u00fcr\u00fcyor. Bu kapsamda&#8230;<\/p>\n","protected":false},"author":1,"featured_media":52858,"comment_status":"open","ping_status":"open","sticky":false,"template":"","format":"standard","meta":{"_crdt_document":"","footnotes":""},"categories":[125],"tags":[],"class_list":["post-52857","post","type-post","status-publish","format-standard","has-post-thumbnail","hentry","category-ekonomi"],"_links":{"self":[{"href":"https:\/\/www.egemtv.com\/index.php?rest_route=\/wp\/v2\/posts\/52857","targetHints":{"allow":["GET"]}}],"collection":[{"href":"https:\/\/www.egemtv.com\/index.php?rest_route=\/wp\/v2\/posts"}],"about":[{"href":"https:\/\/www.egemtv.com\/index.php?rest_route=\/wp\/v2\/types\/post"}],"author":[{"embeddable":true,"href":"https:\/\/www.egemtv.com\/index.php?rest_route=\/wp\/v2\/users\/1"}],"replies":[{"embeddable":true,"href":"https:\/\/www.egemtv.com\/index.php?rest_route=%2Fwp%2Fv2%2Fcomments&post=52857"}],"version-history":[{"count":1,"href":"https:\/\/www.egemtv.com\/index.php?rest_route=\/wp\/v2\/posts\/52857\/revisions"}],"predecessor-version":[{"id":52859,"href":"https:\/\/www.egemtv.com\/index.php?rest_route=\/wp\/v2\/posts\/52857\/revisions\/52859"}],"wp:featuredmedia":[{"embeddable":true,"href":"https:\/\/www.egemtv.com\/index.php?rest_route=\/wp\/v2\/media\/52858"}],"wp:attachment":[{"href":"https:\/\/www.egemtv.com\/index.php?rest_route=%2Fwp%2Fv2%2Fmedia&parent=52857"}],"wp:term":[{"taxonomy":"category","embeddable":true,"href":"https:\/\/www.egemtv.com\/index.php?rest_route=%2Fwp%2Fv2%2Fcategories&post=52857"},{"taxonomy":"post_tag","embeddable":true,"href":"https:\/\/www.egemtv.com\/index.php?rest_route=%2Fwp%2Fv2%2Ftags&post=52857"}],"curies":[{"name":"wp","href":"https:\/\/api.w.org\/{rel}","templated":true}]}}