{"id":52854,"date":"2025-09-05T17:34:48","date_gmt":"2025-09-05T14:34:48","guid":{"rendered":"https:\/\/www.egemtv.com\/?p=52854"},"modified":"2025-09-05T17:34:49","modified_gmt":"2025-09-05T14:34:49","slug":"trafikte-makas-atan-surucuye-9-bin-lira-ceza-kesildi","status":"publish","type":"post","link":"https:\/\/www.egemtv.com\/?p=52854","title":{"rendered":"Trafikte makas atan s\u00fcr\u00fcc\u00fcye 9 bin lira ceza kesildi"},"content":{"rendered":"<p>Denizli\u2019nin Pamukkale il\u00e7esinde, trafikte makas atarak ilerleyen otomobil s\u00fcr\u00fcc\u00fcs\u00fcne 9 bin 267 lira ceza kesildi.<\/p>\n<p>Edinilen bilgiye g\u00f6re; Denizli\u2019nin Pamukkale il\u00e7esi Ac\u0131payam Bulvar\u0131nda trafikte tehlikeli makas atarak ilerleyen bir s\u00fcr\u00fcc\u00fcy\u00fc fark eden vatanda\u015flar, durumu polise ihbar etti. Trafik Denetleme \u015eube M\u00fcd\u00fcrl\u00fc\u011f\u00fc EDS Merkezi taraf\u0131ndan geriye d\u00f6n\u00fck yap\u0131lan kamera incelemesinde, s\u00f6z konusu beyaz renkli arac\u0131n Ac\u0131payam Bulvar\u0131 \u00fczerinden \u00dcniversite Kav\u015fa\u011f\u0131 istikametine do\u011fru ilerledi\u011fi s\u0131rada, trafi\u011fi aksatacak ve di\u011fer yol kullan\u0131c\u0131lar\u0131n\u0131 tehlikeye d\u00fc\u015f\u00fcrecek \u015fekilde ard\u0131 ard\u0131n \u015ferit de\u011fi\u015ftirerek &#8220;makas&#8221; tabir edilen ihlali ger\u00e7ekle\u015ftirdi\u011fi tespit edildi.<\/p>\n<p>Trafik g\u00fcvenli\u011fini tehlikeye atan bu davran\u0131\u015f nedeniyle, s\u00fcr\u00fcc\u00fcye 2918 say\u0131l\u0131 Karayollar\u0131 Trafik Kanunu\u2019nun 46\/2-g maddesi uyar\u0131nca 9 bin 267 TL idari para cezas\u0131 uyguland\u0131.<br \/><\/p>\n","protected":false},"excerpt":{"rendered":"<p>Denizli\u2019nin Pamukkale il\u00e7esinde, trafikte makas atarak ilerleyen otomobil s\u00fcr\u00fcc\u00fcs\u00fcne 9 bin 267 lira ceza kesildi. Edinilen bilgiye g\u00f6re; Denizli\u2019nin Pamukkale il\u00e7esi Ac\u0131payam Bulvar\u0131nda trafikte tehlikeli makas atarak ilerleyen bir s\u00fcr\u00fcc\u00fcy\u00fc fark eden vatanda\u015flar, durumu polise ihbar etti. Trafik Denetleme \u015eube M\u00fcd\u00fcrl\u00fc\u011f\u00fc EDS Merkezi taraf\u0131ndan geriye d\u00f6n\u00fck yap\u0131lan kamera incelemesinde, s\u00f6z konusu beyaz renkli arac\u0131n Ac\u0131payam&#8230;<\/p>\n","protected":false},"author":1,"featured_media":52855,"comment_status":"open","ping_status":"open","sticky":false,"template":"","format":"standard","meta":{"_crdt_document":"","footnotes":""},"categories":[5],"tags":[],"class_list":["post-52854","post","type-post","status-publish","format-standard","has-post-thumbnail","hentry","category-asayis"],"_links":{"self":[{"href":"https:\/\/www.egemtv.com\/index.php?rest_route=\/wp\/v2\/posts\/52854","targetHints":{"allow":["GET"]}}],"collection":[{"href":"https:\/\/www.egemtv.com\/index.php?rest_route=\/wp\/v2\/posts"}],"about":[{"href":"https:\/\/www.egemtv.com\/index.php?rest_route=\/wp\/v2\/types\/post"}],"author":[{"embeddable":true,"href":"https:\/\/www.egemtv.com\/index.php?rest_route=\/wp\/v2\/users\/1"}],"replies":[{"embeddable":true,"href":"https:\/\/www.egemtv.com\/index.php?rest_route=%2Fwp%2Fv2%2Fcomments&post=52854"}],"version-history":[{"count":1,"href":"https:\/\/www.egemtv.com\/index.php?rest_route=\/wp\/v2\/posts\/52854\/revisions"}],"predecessor-version":[{"id":52856,"href":"https:\/\/www.egemtv.com\/index.php?rest_route=\/wp\/v2\/posts\/52854\/revisions\/52856"}],"wp:featuredmedia":[{"embeddable":true,"href":"https:\/\/www.egemtv.com\/index.php?rest_route=\/wp\/v2\/media\/52855"}],"wp:attachment":[{"href":"https:\/\/www.egemtv.com\/index.php?rest_route=%2Fwp%2Fv2%2Fmedia&parent=52854"}],"wp:term":[{"taxonomy":"category","embeddable":true,"href":"https:\/\/www.egemtv.com\/index.php?rest_route=%2Fwp%2Fv2%2Fcategories&post=52854"},{"taxonomy":"post_tag","embeddable":true,"href":"https:\/\/www.egemtv.com\/index.php?rest_route=%2Fwp%2Fv2%2Ftags&post=52854"}],"curies":[{"name":"wp","href":"https:\/\/api.w.org\/{rel}","templated":true}]}}