{"id":52839,"date":"2025-09-05T16:34:59","date_gmt":"2025-09-05T13:34:59","guid":{"rendered":"https:\/\/www.egemtv.com\/?p=52839"},"modified":"2025-09-05T16:35:00","modified_gmt":"2025-09-05T13:35:00","slug":"hisarcik-muftusu-huseyin-demirci-gorevine-basladi","status":"publish","type":"post","link":"https:\/\/www.egemtv.com\/?p=52839","title":{"rendered":"Hisarc\u0131k M\u00fcft\u00fcs\u00fc H\u00fcseyin Demirci g\u00f6revine ba\u015flad\u0131"},"content":{"rendered":"<p>K\u00fctahya\u2019n\u0131n Hisarc\u0131k \u0130l\u00e7e M\u00fcft\u00fcs\u00fc Sabahattin Akyol\u2019un D\u00fczce G\u00f6lyaka il\u00e7esine tayin olmas\u0131n\u0131n ard\u0131ndan Hisarc\u0131k M\u00fcft\u00fcl\u00fc\u011f\u00fcne atanan Erzincan \u00dcz\u00fcml\u00fc \u0130l\u00e7e M\u00fcft\u00fcs\u00fc H\u00fcseyin Demirci yeni g\u00f6revine ba\u015flad\u0131.<br \/>\n<br \/>\u0130l\u00e7ede yapmay\u0131 planlad\u0131\u011f\u0131 hedefleri konusunda a\u00e7\u0131klamalarda bulunan M\u00fcft\u00fc Demirci, &#8220;\u0130htiya\u00e7lar do\u011frultusunda vatanda\u015flar\u0131m\u0131za yard\u0131mc\u0131 olmak i\u00e7in \u00e7al\u0131\u015faca\u011f\u0131z. Di\u011fer hedeflerimiz, camilerimizde din hizmetlerini en g\u00fczel \u015fekilde y\u00fcr\u00fctmek, Kur\u2019an kurslar\u0131m\u0131z\u0131 daha verimli hale getirmek. 04-06 ya\u015f 07- 10 ya\u015f, 11-14 ya\u015f grubu kurslar\u0131m\u0131z\u0131 aktif hale getirerek gen\u00e7li\u011fimize, halk\u0131m\u0131za en iyi \u015fekilde hizmet etmek istiyoruz. T\u00fcm bu hizmetleri hocalar\u0131m\u0131z ve halk\u0131m\u0131z\u0131n deste\u011fi, Allah Teala\u2019n\u0131n yard\u0131m\u0131yla ger\u00e7ekle\u015ftirmi\u015f olaca\u011f\u0131z in\u015fallah&#8221; dedi.<br \/><\/p>\n","protected":false},"excerpt":{"rendered":"<p>K\u00fctahya\u2019n\u0131n Hisarc\u0131k \u0130l\u00e7e M\u00fcft\u00fcs\u00fc Sabahattin Akyol\u2019un D\u00fczce G\u00f6lyaka il\u00e7esine tayin olmas\u0131n\u0131n ard\u0131ndan Hisarc\u0131k M\u00fcft\u00fcl\u00fc\u011f\u00fcne atanan Erzincan \u00dcz\u00fcml\u00fc \u0130l\u00e7e M\u00fcft\u00fcs\u00fc H\u00fcseyin Demirci yeni g\u00f6revine ba\u015flad\u0131. \u0130l\u00e7ede yapmay\u0131 planlad\u0131\u011f\u0131 hedefleri konusunda a\u00e7\u0131klamalarda bulunan M\u00fcft\u00fc Demirci, &#8220;\u0130htiya\u00e7lar do\u011frultusunda vatanda\u015flar\u0131m\u0131za yard\u0131mc\u0131 olmak i\u00e7in \u00e7al\u0131\u015faca\u011f\u0131z. Di\u011fer hedeflerimiz, camilerimizde din hizmetlerini en g\u00fczel \u015fekilde y\u00fcr\u00fctmek, Kur\u2019an kurslar\u0131m\u0131z\u0131 daha verimli hale getirmek&#8230;.<\/p>\n","protected":false},"author":1,"featured_media":52840,"comment_status":"open","ping_status":"open","sticky":false,"template":"","format":"standard","meta":{"_crdt_document":"","footnotes":""},"categories":[123],"tags":[],"class_list":["post-52839","post","type-post","status-publish","format-standard","has-post-thumbnail","hentry","category-gundem"],"_links":{"self":[{"href":"https:\/\/www.egemtv.com\/index.php?rest_route=\/wp\/v2\/posts\/52839","targetHints":{"allow":["GET"]}}],"collection":[{"href":"https:\/\/www.egemtv.com\/index.php?rest_route=\/wp\/v2\/posts"}],"about":[{"href":"https:\/\/www.egemtv.com\/index.php?rest_route=\/wp\/v2\/types\/post"}],"author":[{"embeddable":true,"href":"https:\/\/www.egemtv.com\/index.php?rest_route=\/wp\/v2\/users\/1"}],"replies":[{"embeddable":true,"href":"https:\/\/www.egemtv.com\/index.php?rest_route=%2Fwp%2Fv2%2Fcomments&post=52839"}],"version-history":[{"count":1,"href":"https:\/\/www.egemtv.com\/index.php?rest_route=\/wp\/v2\/posts\/52839\/revisions"}],"predecessor-version":[{"id":52841,"href":"https:\/\/www.egemtv.com\/index.php?rest_route=\/wp\/v2\/posts\/52839\/revisions\/52841"}],"wp:featuredmedia":[{"embeddable":true,"href":"https:\/\/www.egemtv.com\/index.php?rest_route=\/wp\/v2\/media\/52840"}],"wp:attachment":[{"href":"https:\/\/www.egemtv.com\/index.php?rest_route=%2Fwp%2Fv2%2Fmedia&parent=52839"}],"wp:term":[{"taxonomy":"category","embeddable":true,"href":"https:\/\/www.egemtv.com\/index.php?rest_route=%2Fwp%2Fv2%2Fcategories&post=52839"},{"taxonomy":"post_tag","embeddable":true,"href":"https:\/\/www.egemtv.com\/index.php?rest_route=%2Fwp%2Fv2%2Ftags&post=52839"}],"curies":[{"name":"wp","href":"https:\/\/api.w.org\/{rel}","templated":true}]}}