{"id":52836,"date":"2025-09-05T16:34:58","date_gmt":"2025-09-05T13:34:58","guid":{"rendered":"https:\/\/www.egemtv.com\/?p=52836"},"modified":"2025-09-05T16:34:59","modified_gmt":"2025-09-05T13:34:59","slug":"muglada-astrologun-gizemli-olumu","status":"publish","type":"post","link":"https:\/\/www.egemtv.com\/?p=52836","title":{"rendered":"Mu\u011fla\u2019da astrolo\u011fun gizemli \u00f6l\u00fcm\u00fc"},"content":{"rendered":"<p>Mu\u011fla\u2019n\u0131n Ula il\u00e7esi Akyaka Mahallesi\u2019nde apartta \u00f6l\u00fc bulunan ki\u015finin gen\u00e7 astrolog oldu\u011fu belirlendi. \u015eahs\u0131n v\u00fccudunda herhangi bir darp veya yara izi bulunmad\u0131.<br \/>\n<br \/>Ula il\u00e7esi Akyaka Mahallesi\u2019nde tatil yapan 34 ya\u015f\u0131ndaki astrolog Saliha K\u0131l\u0131\u00e7, kald\u0131\u011f\u0131 apartta \u00f6l\u00fc bulundu. Edinilen bilgiye g\u00f6re, Karanfil Sokak\u2019ta bulunan bir apartta kalan K\u0131l\u0131\u00e7\u2019tan haber al\u0131namamas\u0131 ve odadan koku gelmesi \u00fczerine durum otel \u00e7al\u0131\u015fanlar\u0131 taraf\u0131ndan yetkililere bildirildi. \u0130hbar \u00fczerine sa\u011fl\u0131k ve jandarma ekipleri sevk edildi. Yap\u0131lan incelemede K\u0131l\u0131\u00e7\u2019\u0131n hayat\u0131n\u0131 kaybetti\u011fi belirlendi. V\u00fccudunda yara ve darp izine rastlanmayan K\u0131l\u0131\u00e7\u2019\u0131n cans\u0131z bedeni, kesin \u00f6l\u00fcm nedeninin tespiti i\u00e7in Mu\u011fla Adli T\u0131p Kurumu\u2019na kald\u0131r\u0131ld\u0131.<br \/><\/p>\n","protected":false},"excerpt":{"rendered":"<p>Mu\u011fla\u2019n\u0131n Ula il\u00e7esi Akyaka Mahallesi\u2019nde apartta \u00f6l\u00fc bulunan ki\u015finin gen\u00e7 astrolog oldu\u011fu belirlendi. \u015eahs\u0131n v\u00fccudunda herhangi bir darp veya yara izi bulunmad\u0131. Ula il\u00e7esi Akyaka Mahallesi\u2019nde tatil yapan 34 ya\u015f\u0131ndaki astrolog Saliha K\u0131l\u0131\u00e7, kald\u0131\u011f\u0131 apartta \u00f6l\u00fc bulundu. Edinilen bilgiye g\u00f6re, Karanfil Sokak\u2019ta bulunan bir apartta kalan K\u0131l\u0131\u00e7\u2019tan haber al\u0131namamas\u0131 ve odadan koku gelmesi \u00fczerine durum&#8230;<\/p>\n","protected":false},"author":1,"featured_media":52837,"comment_status":"open","ping_status":"open","sticky":false,"template":"","format":"standard","meta":{"_crdt_document":"","footnotes":""},"categories":[5],"tags":[],"class_list":["post-52836","post","type-post","status-publish","format-standard","has-post-thumbnail","hentry","category-asayis"],"_links":{"self":[{"href":"https:\/\/www.egemtv.com\/index.php?rest_route=\/wp\/v2\/posts\/52836","targetHints":{"allow":["GET"]}}],"collection":[{"href":"https:\/\/www.egemtv.com\/index.php?rest_route=\/wp\/v2\/posts"}],"about":[{"href":"https:\/\/www.egemtv.com\/index.php?rest_route=\/wp\/v2\/types\/post"}],"author":[{"embeddable":true,"href":"https:\/\/www.egemtv.com\/index.php?rest_route=\/wp\/v2\/users\/1"}],"replies":[{"embeddable":true,"href":"https:\/\/www.egemtv.com\/index.php?rest_route=%2Fwp%2Fv2%2Fcomments&post=52836"}],"version-history":[{"count":1,"href":"https:\/\/www.egemtv.com\/index.php?rest_route=\/wp\/v2\/posts\/52836\/revisions"}],"predecessor-version":[{"id":52838,"href":"https:\/\/www.egemtv.com\/index.php?rest_route=\/wp\/v2\/posts\/52836\/revisions\/52838"}],"wp:featuredmedia":[{"embeddable":true,"href":"https:\/\/www.egemtv.com\/index.php?rest_route=\/wp\/v2\/media\/52837"}],"wp:attachment":[{"href":"https:\/\/www.egemtv.com\/index.php?rest_route=%2Fwp%2Fv2%2Fmedia&parent=52836"}],"wp:term":[{"taxonomy":"category","embeddable":true,"href":"https:\/\/www.egemtv.com\/index.php?rest_route=%2Fwp%2Fv2%2Fcategories&post=52836"},{"taxonomy":"post_tag","embeddable":true,"href":"https:\/\/www.egemtv.com\/index.php?rest_route=%2Fwp%2Fv2%2Ftags&post=52836"}],"curies":[{"name":"wp","href":"https:\/\/api.w.org\/{rel}","templated":true}]}}