{"id":52833,"date":"2025-09-05T16:15:08","date_gmt":"2025-09-05T13:15:08","guid":{"rendered":"https:\/\/www.egemtv.com\/?p=52833"},"modified":"2025-09-05T16:15:09","modified_gmt":"2025-09-05T13:15:09","slug":"uzum-yuklemeye-geldi-yasamini-yitirdi","status":"publish","type":"post","link":"https:\/\/www.egemtv.com\/?p=52833","title":{"rendered":"\u00dcz\u00fcm y\u00fcklemeye geldi, ya\u015fam\u0131n\u0131 yitirdi"},"content":{"rendered":"<p>DEN\u0130ZL\u0130 (\u0130HA) \u2013 Denizli\u2019nin Buldan il\u00e7esinde i\u015fletmeye \u00fcz\u00fcm y\u00fcklemeye gelen \u015fof\u00f6r, direksiyonda \u00f6l\u00fc olarak bulundu.<br \/>\n<br \/>Olay, Buldan\u2019\u0131n Ac\u0131su mevkiinde faaliyet g\u00f6steren bir tar\u0131m i\u015fletmesinde meydana geldi. Edinilen bilgiye g\u00f6re; 20 SA 164 plakal\u0131 kamyonuyla i\u015fletmeye \u00fcz\u00fcm y\u00fckleme gelen Mehmet Sevin Tekin\u2019den bir s\u00fcre haber alamayan i\u015fletme \u00e7al\u0131\u015fanlar\u0131, s\u00fcr\u00fcc\u00fcn\u00fcn kamyonun direksiyonunda hareketsiz durdu\u011funu g\u00f6rd\u00fc.  Olay \u00fczerine gelen sa\u011fl\u0131k g\u00f6revlileri yapt\u0131\u011f\u0131 kontrollerde, Mehmet Sevin Tekin\u2019in ya\u015fam\u0131n\u0131 yitirdi\u011fini belirledi.<br \/>\n<br \/>Hayat\u0131n\u0131 kaybeden s\u00fcr\u00fcc\u00fcn\u00fcn cenazesi, otopsi i\u00e7in adli t\u0131p morguna kald\u0131r\u0131ld\u0131. Olayla ilgili soru\u015fturma ba\u015flat\u0131ld\u0131.<br \/><\/p>\n","protected":false},"excerpt":{"rendered":"<p>DEN\u0130ZL\u0130 (\u0130HA) \u2013 Denizli\u2019nin Buldan il\u00e7esinde i\u015fletmeye \u00fcz\u00fcm y\u00fcklemeye gelen \u015fof\u00f6r, direksiyonda \u00f6l\u00fc olarak bulundu. Olay, Buldan\u2019\u0131n Ac\u0131su mevkiinde faaliyet g\u00f6steren bir tar\u0131m i\u015fletmesinde meydana geldi. Edinilen bilgiye g\u00f6re; 20 SA 164 plakal\u0131 kamyonuyla i\u015fletmeye \u00fcz\u00fcm y\u00fckleme gelen Mehmet Sevin Tekin\u2019den bir s\u00fcre haber alamayan i\u015fletme \u00e7al\u0131\u015fanlar\u0131, s\u00fcr\u00fcc\u00fcn\u00fcn kamyonun direksiyonunda hareketsiz durdu\u011funu g\u00f6rd\u00fc. Olay \u00fczerine&#8230;<\/p>\n","protected":false},"author":1,"featured_media":52834,"comment_status":"open","ping_status":"open","sticky":false,"template":"","format":"standard","meta":{"_crdt_document":"","footnotes":""},"categories":[5],"tags":[],"class_list":["post-52833","post","type-post","status-publish","format-standard","has-post-thumbnail","hentry","category-asayis"],"_links":{"self":[{"href":"https:\/\/www.egemtv.com\/index.php?rest_route=\/wp\/v2\/posts\/52833","targetHints":{"allow":["GET"]}}],"collection":[{"href":"https:\/\/www.egemtv.com\/index.php?rest_route=\/wp\/v2\/posts"}],"about":[{"href":"https:\/\/www.egemtv.com\/index.php?rest_route=\/wp\/v2\/types\/post"}],"author":[{"embeddable":true,"href":"https:\/\/www.egemtv.com\/index.php?rest_route=\/wp\/v2\/users\/1"}],"replies":[{"embeddable":true,"href":"https:\/\/www.egemtv.com\/index.php?rest_route=%2Fwp%2Fv2%2Fcomments&post=52833"}],"version-history":[{"count":1,"href":"https:\/\/www.egemtv.com\/index.php?rest_route=\/wp\/v2\/posts\/52833\/revisions"}],"predecessor-version":[{"id":52835,"href":"https:\/\/www.egemtv.com\/index.php?rest_route=\/wp\/v2\/posts\/52833\/revisions\/52835"}],"wp:featuredmedia":[{"embeddable":true,"href":"https:\/\/www.egemtv.com\/index.php?rest_route=\/wp\/v2\/media\/52834"}],"wp:attachment":[{"href":"https:\/\/www.egemtv.com\/index.php?rest_route=%2Fwp%2Fv2%2Fmedia&parent=52833"}],"wp:term":[{"taxonomy":"category","embeddable":true,"href":"https:\/\/www.egemtv.com\/index.php?rest_route=%2Fwp%2Fv2%2Fcategories&post=52833"},{"taxonomy":"post_tag","embeddable":true,"href":"https:\/\/www.egemtv.com\/index.php?rest_route=%2Fwp%2Fv2%2Ftags&post=52833"}],"curies":[{"name":"wp","href":"https:\/\/api.w.org\/{rel}","templated":true}]}}