{"id":52827,"date":"2025-09-05T15:54:54","date_gmt":"2025-09-05T12:54:54","guid":{"rendered":"https:\/\/www.egemtv.com\/?p=52827"},"modified":"2025-09-05T15:54:54","modified_gmt":"2025-09-05T12:54:54","slug":"sok-yol-denetiminde-2-aranan-sahis-yakalandi","status":"publish","type":"post","link":"https:\/\/www.egemtv.com\/?p=52827","title":{"rendered":"\u015eok yol denetiminde 2 aranan \u015fah\u0131s yakaland\u0131"},"content":{"rendered":"<p>Ayd\u0131n\u2019\u0131n Ko\u00e7arl\u0131 il\u00e7esinde \u2018\u015fok\u2019 yol denetimi yapan jandarma ekiplerince \u00e7e\u015fitli su\u00e7lardan aranan 2 \u015fah\u0131s yakaland\u0131.<\/p>\n<p>Ko\u00e7arl\u0131 \u0130l\u00e7e Jandarma Komutanl\u0131\u011f\u0131nca aranan \u015fah\u0131slar\u0131n yakalanmas\u0131 ve meydana gelebilecek su\u00e7lar\u0131n \u00f6nlenmesi amac\u0131yla Ko\u00e7arl\u0131 il\u00e7esi \u0130ncirliova\/Ko\u00e7arl\u0131 Karayolu Adnan Menderes M\u00fczesi \u00f6n\u00fcnde \u015fok yol emniyet ve kontrol \u00e7al\u0131\u015fmas\u0131 ger\u00e7ekle\u015ftirildi. Yap\u0131lan \u00e7al\u0131\u015fmalarda 382 \u015fah\u0131s ve 773 ara\u00e7 sorgulan\u0131rken, \u00e7e\u015fitli su\u00e7lardan aranan 2 \u015fah\u0131s da yakaland\u0131. Vatanda\u015flar\u0131n huzur ve g\u00fcvenli\u011fi i\u00e7in faaliyetlerin aral\u0131ks\u0131z olarak devam edece\u011fi \u00f6\u011frenildi.<br \/><\/p>\n","protected":false},"excerpt":{"rendered":"<p>Ayd\u0131n\u2019\u0131n Ko\u00e7arl\u0131 il\u00e7esinde \u2018\u015fok\u2019 yol denetimi yapan jandarma ekiplerince \u00e7e\u015fitli su\u00e7lardan aranan 2 \u015fah\u0131s yakaland\u0131. Ko\u00e7arl\u0131 \u0130l\u00e7e Jandarma Komutanl\u0131\u011f\u0131nca aranan \u015fah\u0131slar\u0131n yakalanmas\u0131 ve meydana gelebilecek su\u00e7lar\u0131n \u00f6nlenmesi amac\u0131yla Ko\u00e7arl\u0131 il\u00e7esi \u0130ncirliova\/Ko\u00e7arl\u0131 Karayolu Adnan Menderes M\u00fczesi \u00f6n\u00fcnde \u015fok yol emniyet ve kontrol \u00e7al\u0131\u015fmas\u0131 ger\u00e7ekle\u015ftirildi. Yap\u0131lan \u00e7al\u0131\u015fmalarda 382 \u015fah\u0131s ve 773 ara\u00e7 sorgulan\u0131rken, \u00e7e\u015fitli su\u00e7lardan aranan 2&#8230;<\/p>\n","protected":false},"author":1,"featured_media":52828,"comment_status":"open","ping_status":"open","sticky":false,"template":"","format":"standard","meta":{"_crdt_document":"","footnotes":""},"categories":[5],"tags":[],"class_list":["post-52827","post","type-post","status-publish","format-standard","has-post-thumbnail","hentry","category-asayis"],"_links":{"self":[{"href":"https:\/\/www.egemtv.com\/index.php?rest_route=\/wp\/v2\/posts\/52827","targetHints":{"allow":["GET"]}}],"collection":[{"href":"https:\/\/www.egemtv.com\/index.php?rest_route=\/wp\/v2\/posts"}],"about":[{"href":"https:\/\/www.egemtv.com\/index.php?rest_route=\/wp\/v2\/types\/post"}],"author":[{"embeddable":true,"href":"https:\/\/www.egemtv.com\/index.php?rest_route=\/wp\/v2\/users\/1"}],"replies":[{"embeddable":true,"href":"https:\/\/www.egemtv.com\/index.php?rest_route=%2Fwp%2Fv2%2Fcomments&post=52827"}],"version-history":[{"count":1,"href":"https:\/\/www.egemtv.com\/index.php?rest_route=\/wp\/v2\/posts\/52827\/revisions"}],"predecessor-version":[{"id":52829,"href":"https:\/\/www.egemtv.com\/index.php?rest_route=\/wp\/v2\/posts\/52827\/revisions\/52829"}],"wp:featuredmedia":[{"embeddable":true,"href":"https:\/\/www.egemtv.com\/index.php?rest_route=\/wp\/v2\/media\/52828"}],"wp:attachment":[{"href":"https:\/\/www.egemtv.com\/index.php?rest_route=%2Fwp%2Fv2%2Fmedia&parent=52827"}],"wp:term":[{"taxonomy":"category","embeddable":true,"href":"https:\/\/www.egemtv.com\/index.php?rest_route=%2Fwp%2Fv2%2Fcategories&post=52827"},{"taxonomy":"post_tag","embeddable":true,"href":"https:\/\/www.egemtv.com\/index.php?rest_route=%2Fwp%2Fv2%2Ftags&post=52827"}],"curies":[{"name":"wp","href":"https:\/\/api.w.org\/{rel}","templated":true}]}}