{"id":52821,"date":"2025-09-05T15:34:57","date_gmt":"2025-09-05T12:34:57","guid":{"rendered":"https:\/\/www.egemtv.com\/?p=52821"},"modified":"2025-09-05T15:34:57","modified_gmt":"2025-09-05T12:34:57","slug":"jandarmadan-incir-nobeti","status":"publish","type":"post","link":"https:\/\/www.egemtv.com\/?p=52821","title":{"rendered":"Jandarmadan incir n\u00f6beti"},"content":{"rendered":"<p>Ayd\u0131n\u2019da jandarma ekipleri \u00fcr\u00fcn h\u0131rs\u0131zl\u0131\u011f\u0131n\u0131n \u00f6nlenmesi kapsam\u0131nda incir bah\u00e7elerinde devriye n\u00f6betlerini s\u00fcrd\u00fcr\u00fcyor.<br \/>\n<br \/>Ayd\u0131n \u0130l Jandarma Komutanl\u0131\u011f\u0131nca Germencik, Efeler, \u0130ncirliova ve K\u00f6\u015fk il\u00e7elerinde tar\u0131msal \u00fcr\u00fcn h\u0131rs\u0131zl\u0131\u011f\u0131n\u0131n (\u0130ncir) \u00f6nlenmesine y\u00f6nelik JASAT, Asayi\u015f, Trafik, Jandarma Komando Timleri destekli olarak devriye faaliyeti ger\u00e7ekle\u015ftirdi. Faaliyette, 1 \u015f\u00fcpheli \u015fah\u0131s su\u00e7\u00fcst\u00fc yakalan\u0131rken bir miktar incir ele ge\u00e7irildi. Tarlalarda ve yol kontrol uygulamalar\u0131nda ara\u00e7lar\u0131n kontrol\u00fc ve \u015fah\u0131slar\u0131n sorgusu yap\u0131l\u0131rken, tarla sahipleri ve \u00e7al\u0131\u015fanlar\u0131na y\u00f6nelik h\u0131rs\u0131zl\u0131k konular\u0131nda bilgilendirme yap\u0131ld\u0131.<br \/><\/p>\n","protected":false},"excerpt":{"rendered":"<p>Ayd\u0131n\u2019da jandarma ekipleri \u00fcr\u00fcn h\u0131rs\u0131zl\u0131\u011f\u0131n\u0131n \u00f6nlenmesi kapsam\u0131nda incir bah\u00e7elerinde devriye n\u00f6betlerini s\u00fcrd\u00fcr\u00fcyor. Ayd\u0131n \u0130l Jandarma Komutanl\u0131\u011f\u0131nca Germencik, Efeler, \u0130ncirliova ve K\u00f6\u015fk il\u00e7elerinde tar\u0131msal \u00fcr\u00fcn h\u0131rs\u0131zl\u0131\u011f\u0131n\u0131n (\u0130ncir) \u00f6nlenmesine y\u00f6nelik JASAT, Asayi\u015f, Trafik, Jandarma Komando Timleri destekli olarak devriye faaliyeti ger\u00e7ekle\u015ftirdi. Faaliyette, 1 \u015f\u00fcpheli \u015fah\u0131s su\u00e7\u00fcst\u00fc yakalan\u0131rken bir miktar incir ele ge\u00e7irildi. Tarlalarda ve yol kontrol uygulamalar\u0131nda&#8230;<\/p>\n","protected":false},"author":1,"featured_media":52822,"comment_status":"open","ping_status":"open","sticky":false,"template":"","format":"standard","meta":{"_crdt_document":"","footnotes":""},"categories":[5],"tags":[],"class_list":["post-52821","post","type-post","status-publish","format-standard","has-post-thumbnail","hentry","category-asayis"],"_links":{"self":[{"href":"https:\/\/www.egemtv.com\/index.php?rest_route=\/wp\/v2\/posts\/52821","targetHints":{"allow":["GET"]}}],"collection":[{"href":"https:\/\/www.egemtv.com\/index.php?rest_route=\/wp\/v2\/posts"}],"about":[{"href":"https:\/\/www.egemtv.com\/index.php?rest_route=\/wp\/v2\/types\/post"}],"author":[{"embeddable":true,"href":"https:\/\/www.egemtv.com\/index.php?rest_route=\/wp\/v2\/users\/1"}],"replies":[{"embeddable":true,"href":"https:\/\/www.egemtv.com\/index.php?rest_route=%2Fwp%2Fv2%2Fcomments&post=52821"}],"version-history":[{"count":1,"href":"https:\/\/www.egemtv.com\/index.php?rest_route=\/wp\/v2\/posts\/52821\/revisions"}],"predecessor-version":[{"id":52823,"href":"https:\/\/www.egemtv.com\/index.php?rest_route=\/wp\/v2\/posts\/52821\/revisions\/52823"}],"wp:featuredmedia":[{"embeddable":true,"href":"https:\/\/www.egemtv.com\/index.php?rest_route=\/wp\/v2\/media\/52822"}],"wp:attachment":[{"href":"https:\/\/www.egemtv.com\/index.php?rest_route=%2Fwp%2Fv2%2Fmedia&parent=52821"}],"wp:term":[{"taxonomy":"category","embeddable":true,"href":"https:\/\/www.egemtv.com\/index.php?rest_route=%2Fwp%2Fv2%2Fcategories&post=52821"},{"taxonomy":"post_tag","embeddable":true,"href":"https:\/\/www.egemtv.com\/index.php?rest_route=%2Fwp%2Fv2%2Ftags&post=52821"}],"curies":[{"name":"wp","href":"https:\/\/api.w.org\/{rel}","templated":true}]}}