{"id":52818,"date":"2025-09-05T15:34:56","date_gmt":"2025-09-05T12:34:56","guid":{"rendered":"https:\/\/www.egemtv.com\/?p=52818"},"modified":"2025-09-05T15:34:57","modified_gmt":"2025-09-05T12:34:57","slug":"nazillide-jandarmadan-silah-operasyonu","status":"publish","type":"post","link":"https:\/\/www.egemtv.com\/?p=52818","title":{"rendered":"Nazilli\u2019de jandarmadan silah operasyonu"},"content":{"rendered":"<p>Ayd\u0131n\u2019\u0131n Nazilli il\u00e7esinde jandarma ekipleri taraf\u0131ndan bir evde yap\u0131lan aramada ruhsats\u0131z silah ve m\u00fchimmat ele ge\u00e7irildi.<\/p>\n<p>Edinilen bilgiye g\u00f6re, Nazilli \u0130l\u00e7e Jandarma Komutanl\u0131\u011f\u0131 JASAT ve Merkez Jandarma Karakol Komutanl\u0131\u011f\u0131 ekipleri, G\u00fczelk\u00f6y Mahallesi\u2019nde bir \u015fahs\u0131n ikametinde ruhsats\u0131z silah bulundurdu\u011fu bilgisini ald\u0131. Adli makamlardan al\u0131nan izinle yap\u0131lan aramada, 1 adet ruhsats\u0131z tabanca, 2 adet ruhsats\u0131z av t\u00fcfe\u011fi ve 43 adet \u00e7e\u015fitli \u00e7aplarda m\u00fchimmat ele ge\u00e7irildi. Olayla ilgili g\u00f6zalt\u0131na al\u0131nan \u015f\u00fcpheli hakk\u0131nda adli s\u00fcrecin devam etti\u011fi \u00f6\u011frenildi.<br \/><\/p>\n","protected":false},"excerpt":{"rendered":"<p>Ayd\u0131n\u2019\u0131n Nazilli il\u00e7esinde jandarma ekipleri taraf\u0131ndan bir evde yap\u0131lan aramada ruhsats\u0131z silah ve m\u00fchimmat ele ge\u00e7irildi. Edinilen bilgiye g\u00f6re, Nazilli \u0130l\u00e7e Jandarma Komutanl\u0131\u011f\u0131 JASAT ve Merkez Jandarma Karakol Komutanl\u0131\u011f\u0131 ekipleri, G\u00fczelk\u00f6y Mahallesi\u2019nde bir \u015fahs\u0131n ikametinde ruhsats\u0131z silah bulundurdu\u011fu bilgisini ald\u0131. Adli makamlardan al\u0131nan izinle yap\u0131lan aramada, 1 adet ruhsats\u0131z tabanca, 2 adet ruhsats\u0131z av t\u00fcfe\u011fi&#8230;<\/p>\n","protected":false},"author":1,"featured_media":52819,"comment_status":"open","ping_status":"open","sticky":false,"template":"","format":"standard","meta":{"_crdt_document":"","footnotes":""},"categories":[5],"tags":[],"class_list":["post-52818","post","type-post","status-publish","format-standard","has-post-thumbnail","hentry","category-asayis"],"_links":{"self":[{"href":"https:\/\/www.egemtv.com\/index.php?rest_route=\/wp\/v2\/posts\/52818","targetHints":{"allow":["GET"]}}],"collection":[{"href":"https:\/\/www.egemtv.com\/index.php?rest_route=\/wp\/v2\/posts"}],"about":[{"href":"https:\/\/www.egemtv.com\/index.php?rest_route=\/wp\/v2\/types\/post"}],"author":[{"embeddable":true,"href":"https:\/\/www.egemtv.com\/index.php?rest_route=\/wp\/v2\/users\/1"}],"replies":[{"embeddable":true,"href":"https:\/\/www.egemtv.com\/index.php?rest_route=%2Fwp%2Fv2%2Fcomments&post=52818"}],"version-history":[{"count":1,"href":"https:\/\/www.egemtv.com\/index.php?rest_route=\/wp\/v2\/posts\/52818\/revisions"}],"predecessor-version":[{"id":52820,"href":"https:\/\/www.egemtv.com\/index.php?rest_route=\/wp\/v2\/posts\/52818\/revisions\/52820"}],"wp:featuredmedia":[{"embeddable":true,"href":"https:\/\/www.egemtv.com\/index.php?rest_route=\/wp\/v2\/media\/52819"}],"wp:attachment":[{"href":"https:\/\/www.egemtv.com\/index.php?rest_route=%2Fwp%2Fv2%2Fmedia&parent=52818"}],"wp:term":[{"taxonomy":"category","embeddable":true,"href":"https:\/\/www.egemtv.com\/index.php?rest_route=%2Fwp%2Fv2%2Fcategories&post=52818"},{"taxonomy":"post_tag","embeddable":true,"href":"https:\/\/www.egemtv.com\/index.php?rest_route=%2Fwp%2Fv2%2Ftags&post=52818"}],"curies":[{"name":"wp","href":"https:\/\/api.w.org\/{rel}","templated":true}]}}