{"id":52815,"date":"2025-09-05T15:34:55","date_gmt":"2025-09-05T12:34:55","guid":{"rendered":"https:\/\/www.egemtv.com\/?p=52815"},"modified":"2025-09-05T15:34:56","modified_gmt":"2025-09-05T12:34:56","slug":"jandarma-kades-uygulamasini-tanitti","status":"publish","type":"post","link":"https:\/\/www.egemtv.com\/?p=52815","title":{"rendered":"Jandarma, KADES uygulamas\u0131n\u0131 tan\u0131tt\u0131"},"content":{"rendered":"<p>Ayd\u0131n\u2019\u0131n \u0130ncirliova il\u00e7esinde incir bah\u00e7elerine inen jandarma ekipleri, kad\u0131na y\u00f6nelik \u015fiddetle m\u00fccadelede \u00f6nemli rol oynayan KADES uygulamas\u0131n\u0131 tan\u0131tt\u0131.<\/p>\n<p>Ayd\u0131n \u0130l Jandarma Komutanl\u0131\u011f\u0131 Aile \u0130\u00e7i \u015eiddetle M\u00fccadele ve \u00c7ocuk K\u0131s\u0131m Amirli\u011fi ve \u0130ncirliova \u0130l\u00e7e Jandarma Komutanl\u0131\u011f\u0131nca \u0130ncirliova il\u00e7esinde incir hasad\u0131 yapan \u00fcreticilere y\u00f6nelik &#8221; KADES, Bir Dokunu\u015f ile G\u00fcvende&#8221; faaliyeti ger\u00e7ekle\u015ftirdi. Faaliyette, KADES Uygulamas\u0131 tan\u0131t\u0131m\u0131 ve indirme y\u00f6ntemi ile kullan\u0131m\u0131, kad\u0131na y\u00f6nelik \u015fiddet olaylar\u0131nda ba\u015fvuru ve hareket tarzlar\u0131, 6284 Say\u0131l\u0131 Kanun hakk\u0131nda bilgilendirme yap\u0131ld\u0131. Ayr\u0131ca fark\u0131ndal\u0131k olu\u015fturmak amac\u0131yla bro\u015f\u00fcr da\u011f\u0131t\u0131larak merak edilen konular hakk\u0131nda birebir bilgilendirme yap\u0131ld\u0131. Ayd\u0131n \u0130l Jandarma Komutanl\u0131\u011f\u0131\u2019ndan yap\u0131lan a\u00e7\u0131klamada &#8220;Vatanda\u015flar\u0131m\u0131z\u0131n bilgilendirilmesine y\u00f6nelik faaliyetlerimiz devam etmektedir&#8221; ifadeleri yer ald\u0131.<br \/><\/p>\n","protected":false},"excerpt":{"rendered":"<p>Ayd\u0131n\u2019\u0131n \u0130ncirliova il\u00e7esinde incir bah\u00e7elerine inen jandarma ekipleri, kad\u0131na y\u00f6nelik \u015fiddetle m\u00fccadelede \u00f6nemli rol oynayan KADES uygulamas\u0131n\u0131 tan\u0131tt\u0131. Ayd\u0131n \u0130l Jandarma Komutanl\u0131\u011f\u0131 Aile \u0130\u00e7i \u015eiddetle M\u00fccadele ve \u00c7ocuk K\u0131s\u0131m Amirli\u011fi ve \u0130ncirliova \u0130l\u00e7e Jandarma Komutanl\u0131\u011f\u0131nca \u0130ncirliova il\u00e7esinde incir hasad\u0131 yapan \u00fcreticilere y\u00f6nelik &#8221; KADES, Bir Dokunu\u015f ile G\u00fcvende&#8221; faaliyeti ger\u00e7ekle\u015ftirdi. Faaliyette, KADES Uygulamas\u0131 tan\u0131t\u0131m\u0131 ve&#8230;<\/p>\n","protected":false},"author":1,"featured_media":52816,"comment_status":"open","ping_status":"open","sticky":false,"template":"","format":"standard","meta":{"_crdt_document":"","footnotes":""},"categories":[1],"tags":[],"class_list":["post-52815","post","type-post","status-publish","format-standard","has-post-thumbnail","hentry","category-guncel"],"_links":{"self":[{"href":"https:\/\/www.egemtv.com\/index.php?rest_route=\/wp\/v2\/posts\/52815","targetHints":{"allow":["GET"]}}],"collection":[{"href":"https:\/\/www.egemtv.com\/index.php?rest_route=\/wp\/v2\/posts"}],"about":[{"href":"https:\/\/www.egemtv.com\/index.php?rest_route=\/wp\/v2\/types\/post"}],"author":[{"embeddable":true,"href":"https:\/\/www.egemtv.com\/index.php?rest_route=\/wp\/v2\/users\/1"}],"replies":[{"embeddable":true,"href":"https:\/\/www.egemtv.com\/index.php?rest_route=%2Fwp%2Fv2%2Fcomments&post=52815"}],"version-history":[{"count":1,"href":"https:\/\/www.egemtv.com\/index.php?rest_route=\/wp\/v2\/posts\/52815\/revisions"}],"predecessor-version":[{"id":52817,"href":"https:\/\/www.egemtv.com\/index.php?rest_route=\/wp\/v2\/posts\/52815\/revisions\/52817"}],"wp:featuredmedia":[{"embeddable":true,"href":"https:\/\/www.egemtv.com\/index.php?rest_route=\/wp\/v2\/media\/52816"}],"wp:attachment":[{"href":"https:\/\/www.egemtv.com\/index.php?rest_route=%2Fwp%2Fv2%2Fmedia&parent=52815"}],"wp:term":[{"taxonomy":"category","embeddable":true,"href":"https:\/\/www.egemtv.com\/index.php?rest_route=%2Fwp%2Fv2%2Fcategories&post=52815"},{"taxonomy":"post_tag","embeddable":true,"href":"https:\/\/www.egemtv.com\/index.php?rest_route=%2Fwp%2Fv2%2Ftags&post=52815"}],"curies":[{"name":"wp","href":"https:\/\/api.w.org\/{rel}","templated":true}]}}