{"id":52812,"date":"2025-09-05T15:34:53","date_gmt":"2025-09-05T12:34:53","guid":{"rendered":"https:\/\/www.egemtv.com\/?p=52812"},"modified":"2025-09-05T15:34:55","modified_gmt":"2025-09-05T12:34:55","slug":"sokede-sit-alaninda-kacak-kaziya-jandarmadan-sucustu","status":"publish","type":"post","link":"https:\/\/www.egemtv.com\/?p=52812","title":{"rendered":"S\u00f6ke\u2019de sit alan\u0131nda ka\u00e7ak kaz\u0131ya jandarmadan su\u00e7\u00fcst\u00fc"},"content":{"rendered":"<p>Ayd\u0131n\u2019\u0131n S\u00f6ke il\u00e7esinde jandarma ekiplerince d\u00fczenlenen operasyonda ka\u00e7ak kaz\u0131 yapan \u015f\u00fcpheliler su\u00e7\u00fcst\u00fc yakaland\u0131.<\/p>\n<p>Edinilen bilgiye g\u00f6re, Ayd\u0131n \u0130l Jandarma Komutanl\u0131\u011f\u0131 KOM \u015eube M\u00fcd\u00fcrl\u00fc\u011f\u00fc ve S\u00f6ke \u0130l\u00e7e Jandarma Komutanl\u0131\u011f\u0131 ekipleri, \u00c7al\u0131k\u00f6y Mahallesi\u2019nde bulunan birinci derece sit alan\u0131nda tarihi eser bulmak amac\u0131yla ka\u00e7ak kaz\u0131 yap\u0131ld\u0131\u011f\u0131 ihbar\u0131n\u0131 ald\u0131. B\u00f6lgeye yap\u0131lan bask\u0131nda \u015f\u00fcpheliler su\u00e7\u00fcst\u00fc yakalan\u0131rken, kaz\u0131da kullan\u0131lan 1 adet jenerat\u00f6r ve 3 adet kaz\u0131 malzemesi ele ge\u00e7irildi. Olayla ilgili g\u00f6zalt\u0131na al\u0131nan \u015f\u00fcpheliler hakk\u0131nda adli s\u00fcrecin devam etti\u011fi \u00f6\u011frenildi.<br \/><\/p>\n","protected":false},"excerpt":{"rendered":"<p>Ayd\u0131n\u2019\u0131n S\u00f6ke il\u00e7esinde jandarma ekiplerince d\u00fczenlenen operasyonda ka\u00e7ak kaz\u0131 yapan \u015f\u00fcpheliler su\u00e7\u00fcst\u00fc yakaland\u0131. Edinilen bilgiye g\u00f6re, Ayd\u0131n \u0130l Jandarma Komutanl\u0131\u011f\u0131 KOM \u015eube M\u00fcd\u00fcrl\u00fc\u011f\u00fc ve S\u00f6ke \u0130l\u00e7e Jandarma Komutanl\u0131\u011f\u0131 ekipleri, \u00c7al\u0131k\u00f6y Mahallesi\u2019nde bulunan birinci derece sit alan\u0131nda tarihi eser bulmak amac\u0131yla ka\u00e7ak kaz\u0131 yap\u0131ld\u0131\u011f\u0131 ihbar\u0131n\u0131 ald\u0131. B\u00f6lgeye yap\u0131lan bask\u0131nda \u015f\u00fcpheliler su\u00e7\u00fcst\u00fc yakalan\u0131rken, kaz\u0131da kullan\u0131lan 1 adet&#8230;<\/p>\n","protected":false},"author":1,"featured_media":52813,"comment_status":"open","ping_status":"open","sticky":false,"template":"","format":"standard","meta":{"_crdt_document":"","footnotes":""},"categories":[5],"tags":[],"class_list":["post-52812","post","type-post","status-publish","format-standard","has-post-thumbnail","hentry","category-asayis"],"_links":{"self":[{"href":"https:\/\/www.egemtv.com\/index.php?rest_route=\/wp\/v2\/posts\/52812","targetHints":{"allow":["GET"]}}],"collection":[{"href":"https:\/\/www.egemtv.com\/index.php?rest_route=\/wp\/v2\/posts"}],"about":[{"href":"https:\/\/www.egemtv.com\/index.php?rest_route=\/wp\/v2\/types\/post"}],"author":[{"embeddable":true,"href":"https:\/\/www.egemtv.com\/index.php?rest_route=\/wp\/v2\/users\/1"}],"replies":[{"embeddable":true,"href":"https:\/\/www.egemtv.com\/index.php?rest_route=%2Fwp%2Fv2%2Fcomments&post=52812"}],"version-history":[{"count":1,"href":"https:\/\/www.egemtv.com\/index.php?rest_route=\/wp\/v2\/posts\/52812\/revisions"}],"predecessor-version":[{"id":52814,"href":"https:\/\/www.egemtv.com\/index.php?rest_route=\/wp\/v2\/posts\/52812\/revisions\/52814"}],"wp:featuredmedia":[{"embeddable":true,"href":"https:\/\/www.egemtv.com\/index.php?rest_route=\/wp\/v2\/media\/52813"}],"wp:attachment":[{"href":"https:\/\/www.egemtv.com\/index.php?rest_route=%2Fwp%2Fv2%2Fmedia&parent=52812"}],"wp:term":[{"taxonomy":"category","embeddable":true,"href":"https:\/\/www.egemtv.com\/index.php?rest_route=%2Fwp%2Fv2%2Fcategories&post=52812"},{"taxonomy":"post_tag","embeddable":true,"href":"https:\/\/www.egemtv.com\/index.php?rest_route=%2Fwp%2Fv2%2Ftags&post=52812"}],"curies":[{"name":"wp","href":"https:\/\/api.w.org\/{rel}","templated":true}]}}