{"id":52463,"date":"2025-08-31T13:54:55","date_gmt":"2025-08-31T10:54:55","guid":{"rendered":"https:\/\/www.egemtv.com\/?p=52463"},"modified":"2025-08-31T13:54:56","modified_gmt":"2025-08-31T10:54:56","slug":"egiad-baskani-kaan-ozhelvaci-young-owners-forum-2025te-konustu","status":"publish","type":"post","link":"https:\/\/www.egemtv.com\/?p=52463","title":{"rendered":"EG\u0130AD Ba\u015fkan\u0131 Kaan \u00d6zhelvac\u0131, Young Owners Forum 2025\u2019te konu\u015ftu"},"content":{"rendered":"<p>Bodrum\u2019da 29-30 A\u011fustos 2025 tarihlerinde ger\u00e7ekle\u015fen Young Owners Forum, aile \u015firketlerinin gen\u00e7 temsilcilerini ve giri\u015fimcilik ekosisteminin \u00f6nde gelen isimlerini bir araya getirdi. VC Ajandas\u0131 ba\u015fl\u0131kl\u0131 oturumda konu\u015fan Ege Gen\u00e7 \u0130\u015f \u0130nsanlar\u0131 Derne\u011fi (EG\u0130AD) Y\u00f6netim Kurulu Ba\u015fkan\u0131 M. Kaan \u00d6zhelvac\u0131, giri\u015fim yat\u0131r\u0131mlar\u0131n\u0131n yeni d\u00f6nemdeki \u00f6nceliklerini, de\u011fi\u015fen trendleri ve aile \u015firketleri i\u00e7in melek yat\u0131r\u0131mc\u0131l\u0131\u011f\u0131n sundu\u011fu f\u0131rsatlar\u0131 aktard\u0131.<br \/>\n<br \/>Ege Gen\u00e7 \u0130\u015f \u0130nsanlar\u0131 Derne\u011fi (EG\u0130AD) Y\u00f6netim Kurulu Ba\u015fkan\u0131 M. Kaan \u00d6zhelvac\u0131, 29 A\u011fustos 2025 tarihinde ger\u00e7ekle\u015fen Young Owners Forum 2025\u2019te giri\u015fim yat\u0131r\u0131mlar\u0131 ve yat\u0131r\u0131mc\u0131lar\u0131n yeni d\u00f6nem \u00f6nceliklerine ili\u015fkin de\u011ferlendirmelerde bulundu. \u00d6zhelvac\u0131, EG\u0130AD\u2019\u0131n giri\u015fimcilik ekosistemindeki rol\u00fcn\u00fc aktar\u0131rken, aile \u015firketleri i\u00e7in startup yat\u0131r\u0131mlar\u0131n\u0131n stratejik \u00f6nemine de dikkat \u00e7ekti.<\/p>\n<p>&#8220;EG\u0130AD Melekleri, T\u00fcrkiye\u2019nin en iyi melek yat\u0131r\u0131m a\u011f\u0131&#8221;<br \/>\n<br \/>EG\u0130AD Ba\u015fkan\u0131 \u00d6zhelvac\u0131, konu\u015fmas\u0131nda derne\u011fin giri\u015fimcilik ekosistemine katk\u0131lar\u0131n\u0131 \u015fu s\u00f6zlerle aktard\u0131:<br \/>\n<br \/>&#8220;EG\u0130AD, 900\u2019\u00fcn \u00fczerinde \u00fcyesi, bu \u00fcyelerin sahip oldu\u011fu yakla\u015f\u0131k 3 bin 500 \u015firket ve olu\u015fturdu\u011fu 150 bin ki\u015filik istihdamla b\u00fcy\u00fck bir ekonomik g\u00fcc\u00fc temsil ediyor. Ayr\u0131ca, Hazine ve Maliye Bakanl\u0131\u011f\u0131 taraf\u0131ndan akredite edilmi\u015f Ege B\u00f6lgesi ve \u0130zmir\u2019in ilk ve tek melek yat\u0131r\u0131m a\u011f\u0131na sahibiz. EG\u0130AD Melekleri bu y\u0131l 10. ya\u015f\u0131n\u0131 kutluyor ve bug\u00fcne kadar \u2019T\u00fcrkiye\u2019nin En \u0130yi Melek Yat\u0131r\u0131m A\u011f\u0131\u2019 unvan\u0131n\u0131 kazanm\u0131\u015f bulunuyor. \u00dcstelik bir STK b\u00fcnyesinde kurulmu\u015f T\u00fcrkiye\u2019nin tek melek yat\u0131r\u0131m a\u011f\u0131 olarak da giri\u015fimcilere benzersiz bir platform sunuyoruz. Bizler i\u00e7in melek yat\u0131r\u0131mc\u0131l\u0131k, yaln\u0131zca finansal bir faaliyet de\u011fil; giri\u015fimcilik ekosistemini geli\u015ftirmeye, \u00fclkemizin kalk\u0131nmas\u0131na katk\u0131 sa\u011flamaya y\u00f6nelik toplumsal bir hizmet niteli\u011fi ta\u015f\u0131yor.&#8221;<\/p>\n<p>Giri\u015fim yat\u0131r\u0131mlar\u0131nda yeni e\u011filimler<br \/>\n<br \/>\u00d6zhelvac\u0131, son y\u0131llarda global ve ulusal \u00f6l\u00e7ekte giri\u015fim yat\u0131r\u0131mlar\u0131nda ya\u015fanan de\u011fi\u015fimlere de de\u011finerek, &#8220;Pandemi sonras\u0131 d\u00f6neme k\u0131yasla global fonlama miktarlar\u0131nda bir azalma g\u00f6r\u00fclse de yapay zek\u00e2, iklim teknolojileri, sa\u011fl\u0131k teknolojileri ve derin teknoloji alanlar\u0131na ilgi artarak devam ediyor. T\u00fcrkiye\u2019de ise fintech, SaaS ve oyun sekt\u00f6r\u00fc g\u00fc\u00e7l\u00fc kalmaya devam ederken; \u00f6zellikle ye\u015fil teknolojiler, yapay zek\u00e2 tabanl\u0131 \u00e7\u00f6z\u00fcmler ve olu\u015fturan end\u00fcstrilerde ciddi bir ivme g\u00f6zlemliyoruz. Buna kar\u015f\u0131, Web3 ve metaverse projelerine olan yat\u0131r\u0131m ilgisi gerilerken, uzun Ar-Ge gerektiren donan\u0131m projeleri de fon bulmakta zorlan\u0131yor&#8221; dedi.<\/p>\n<p>&#8220;K\u00e2rl\u0131l\u0131k, dayan\u0131kl\u0131l\u0131k ve ESG kriterleri yat\u0131r\u0131mc\u0131lar\u0131n \u00f6nceli\u011finde&#8221;<br \/>\n<br \/>Yeni d\u00f6nem yat\u0131r\u0131mc\u0131 beklentilerinin daha se\u00e7ici hale geldi\u011fini belirten \u00d6zhelvac\u0131, s\u00f6zlerini \u015fu \u015fekilde devam ettirdi:<br \/>\n<br \/>&#8220;Art\u0131k yaln\u0131zca y\u00fcksek b\u00fcy\u00fcme potansiyeli yeterli de\u011fil. Giri\u015fimlerin k\u00e2rl\u0131l\u0131k, nakit ak\u0131\u015f\u0131 y\u00f6netimi ve unit economics sa\u011flaml\u0131\u011f\u0131 en kritik unsurlar. Ekip fakt\u00f6r\u00fc ise her zamankinden daha \u00f6nemli. Kriz an\u0131nda y\u00f6n de\u011fi\u015ftirebilen, global vizyonla hareket eden ve s\u00fcrd\u00fcr\u00fclebilirli\u011fi oda\u011f\u0131na alan ekipler \u00f6ncelikli. Ayr\u0131ca ESG kriterleri, yani \u00e7evresel, sosyal ve y\u00f6neti\u015fim boyutlar\u0131 yat\u0131r\u0131m kararlar\u0131nda belirleyici rol oynuyor. Bizim a\u011f\u0131m\u0131zda yaln\u0131zca finansal getiri de\u011fil; b\u00f6lgesel kalk\u0131nma, istihdam olu\u015fturma ve ihracat potansiyeli de \u00f6nemli kriterler aras\u0131nda yer al\u0131yor.&#8221;<\/p>\n<p>&#8220;Aile \u015firketleri i\u00e7in startup yat\u0131r\u0131m\u0131, inovasyona do\u011frudan eri\u015fim&#8221;<br \/>\n<br \/>\u00d6zhelvac\u0131, aile \u015firketleri bireyleri i\u00e7in startup yat\u0131r\u0131mlar\u0131n\u0131n \u00f6nemini vurgulayarak, EG\u0130AD Melekleri a\u011f\u0131n\u0131n sundu\u011fu imk\u00e2nlara da dikkat \u00e7ekerek: &#8220;Aile \u015firketleri i\u00e7in startup yat\u0131r\u0131mlar\u0131, yaln\u0131zca finansal getiri sa\u011flamaz; ayn\u0131 zamanda inovasyona do\u011frudan eri\u015fim imk\u00e2n\u0131 verir. Bizce melek yat\u0131r\u0131mc\u0131l\u0131k, aile \u015firketi bireyleri i\u00e7in ayn\u0131 zamanda \u00fclkemizin kalk\u0131nmas\u0131na katk\u0131 sa\u011flayan bir toplumsal hizmettir. Burada do\u011fru stratejiyle ilerlemek kritik. \u0130lk etapta melek yat\u0131r\u0131m a\u011flar\u0131 veya VC fonlar\u0131yla i\u015f birli\u011fi yapmak, g\u00fcvenli bir ba\u015flang\u0131\u00e7 sa\u011flar. Bu s\u00fcre\u00e7 aile \u015firketlerine hem ekosistemi tan\u0131ma hem de sinerji olu\u015fturabilecek giri\u015fimlerle bulu\u015fma f\u0131rsat\u0131 sunar. \u00d6rne\u011fin \u00fcretim sekt\u00f6r\u00fcnde faaliyet g\u00f6steren bir \u015firketin, end\u00fcstri 4.0 \u00e7\u00f6z\u00fcmleri geli\u015ftiren bir giri\u015fime yat\u0131r\u0131m yapmas\u0131 hem operasyonel verimlilik hem de yeni i\u015f modelleri kazand\u0131rabilir.&#8221;<\/p>\n<p>&#8220;Do\u011fru ekiplere yat\u0131r\u0131m yapanlar kazan\u00e7l\u0131 \u00e7\u0131kacak&#8221;<br \/>\n<br \/>Konu\u015fmas\u0131n\u0131, startup yat\u0131r\u0131mlar\u0131n\u0131n gelece\u011fine dair mesajlarla tamamlayan \u00d6zhelvac\u0131 \u015fu de\u011ferlendirmelerde bulundu:<br \/>\n<br \/>&#8220;Bug\u00fcn fonlama iklimi zorlu g\u00f6r\u00fcnse de, do\u011fru alanlara, do\u011fru ekiplere ve sa\u011flam i\u015f modellerine yat\u0131r\u0131m yapanlar k\u0131sa ve uzun vadede kazan\u00e7l\u0131 \u00e7\u0131kacakt\u0131r. Ekosistemdeki t\u00fcm oyuncular olarak bilgi payla\u015f\u0131m\u0131 ve i\u015f birli\u011fiyle bu d\u00f6nemi g\u00fc\u00e7l\u00fc \u015fekilde atlataca\u011f\u0131m\u0131za inan\u0131yoruz. EG\u0130AD olarak biz, her t\u00fcrl\u00fc i\u015f birli\u011fine haz\u0131r\u0131z.&#8221;<br \/>\n<br \/>Next Academy Kurucusu Levent Erden\u2019in moderat\u00f6rl\u00fc\u011f\u00fcn\u00fc yapt\u0131\u011f\u0131 oturumda, Sad\u0131k Ventures Kurucusu Canberk Mersin, Oleka Capital Kurucusu \u0130lker S\u00f6zdinler, Nimble Partners Kurucu Orta\u011f\u0131 Murat Erdem ve NA Kapital Kurucusu Nevzat Ayd\u0131n, yat\u0131r\u0131m d\u00fcnyas\u0131n\u0131n yeni d\u00f6nem g\u00fcndemini de\u011ferlendirdi.<br \/><\/p>\n","protected":false},"excerpt":{"rendered":"<p>Bodrum\u2019da 29-30 A\u011fustos 2025 tarihlerinde ger\u00e7ekle\u015fen Young Owners Forum, aile \u015firketlerinin gen\u00e7 temsilcilerini ve giri\u015fimcilik ekosisteminin \u00f6nde gelen isimlerini bir araya getirdi. VC Ajandas\u0131 ba\u015fl\u0131kl\u0131 oturumda konu\u015fan Ege Gen\u00e7 \u0130\u015f \u0130nsanlar\u0131 Derne\u011fi (EG\u0130AD) Y\u00f6netim Kurulu Ba\u015fkan\u0131 M. Kaan \u00d6zhelvac\u0131, giri\u015fim yat\u0131r\u0131mlar\u0131n\u0131n yeni d\u00f6nemdeki \u00f6nceliklerini, de\u011fi\u015fen trendleri ve aile \u015firketleri i\u00e7in melek yat\u0131r\u0131mc\u0131l\u0131\u011f\u0131n sundu\u011fu f\u0131rsatlar\u0131 aktard\u0131&#8230;.<\/p>\n","protected":false},"author":1,"featured_media":52464,"comment_status":"open","ping_status":"open","sticky":false,"template":"","format":"standard","meta":{"_crdt_document":"","footnotes":""},"categories":[1],"tags":[],"class_list":["post-52463","post","type-post","status-publish","format-standard","has-post-thumbnail","hentry","category-guncel"],"_links":{"self":[{"href":"https:\/\/www.egemtv.com\/index.php?rest_route=\/wp\/v2\/posts\/52463","targetHints":{"allow":["GET"]}}],"collection":[{"href":"https:\/\/www.egemtv.com\/index.php?rest_route=\/wp\/v2\/posts"}],"about":[{"href":"https:\/\/www.egemtv.com\/index.php?rest_route=\/wp\/v2\/types\/post"}],"author":[{"embeddable":true,"href":"https:\/\/www.egemtv.com\/index.php?rest_route=\/wp\/v2\/users\/1"}],"replies":[{"embeddable":true,"href":"https:\/\/www.egemtv.com\/index.php?rest_route=%2Fwp%2Fv2%2Fcomments&post=52463"}],"version-history":[{"count":1,"href":"https:\/\/www.egemtv.com\/index.php?rest_route=\/wp\/v2\/posts\/52463\/revisions"}],"predecessor-version":[{"id":52465,"href":"https:\/\/www.egemtv.com\/index.php?rest_route=\/wp\/v2\/posts\/52463\/revisions\/52465"}],"wp:featuredmedia":[{"embeddable":true,"href":"https:\/\/www.egemtv.com\/index.php?rest_route=\/wp\/v2\/media\/52464"}],"wp:attachment":[{"href":"https:\/\/www.egemtv.com\/index.php?rest_route=%2Fwp%2Fv2%2Fmedia&parent=52463"}],"wp:term":[{"taxonomy":"category","embeddable":true,"href":"https:\/\/www.egemtv.com\/index.php?rest_route=%2Fwp%2Fv2%2Fcategories&post=52463"},{"taxonomy":"post_tag","embeddable":true,"href":"https:\/\/www.egemtv.com\/index.php?rest_route=%2Fwp%2Fv2%2Ftags&post=52463"}],"curies":[{"name":"wp","href":"https:\/\/api.w.org\/{rel}","templated":true}]}}