{"id":52460,"date":"2025-08-31T13:54:55","date_gmt":"2025-08-31T10:54:55","guid":{"rendered":"https:\/\/www.egemtv.com\/?p=52460"},"modified":"2025-08-31T13:54:55","modified_gmt":"2025-08-31T10:54:55","slug":"rekorlarin-turnuvasi-tuna-masters-teos-10-yilinda","status":"publish","type":"post","link":"https:\/\/www.egemtv.com\/?p=52460","title":{"rendered":"Rekorlar\u0131n turnuvas\u0131 Tuna Masters TEOS 10. y\u0131l\u0131nda"},"content":{"rendered":"<p>Seferihisar Belediyesi himayesinde bu y\u0131l 10\u2019uncusu d\u00fczenlenecek StafuPro Tuna Masters TEOS 2025 Bal\u0131k\u00e7\u0131l\u0131k Turnuvas\u0131, 11-14 Eyl\u00fcl 2025 tarihlerinde ger\u00e7ekle\u015fecek.<br \/>\n<br \/>A\u00e7\u0131k deniz bal\u0131k\u00e7\u0131l\u0131\u011f\u0131n\u0131n b\u00fct\u00fcn ustalar\u0131 bu y\u0131l yine, ilk g\u00fcnden itibaren \u00e7ok b\u00fcy\u00fck ilgi g\u00f6ren ve T\u00fcrkiye\u2019nin ve Avrupa\u2019n\u0131n en b\u00fcy\u00fck turnuvalar\u0131ndan birisine d\u00f6n\u00fc\u015fen StafuPro Tuna Masters TEOS 2025\u2019te dev bal\u0131klar\u0131n pe\u015finde olacak. Turnuvan\u0131n ba\u015flang\u0131c\u0131 \u00f6ncesinde amat\u00f6r bal\u0131k\u00e7\u0131lar taraf\u0131ndan az bilinen Teos &#8211; S\u0131\u011fac\u0131k destinasyonu, Teos Marina ve Tuna Masters Teos turnuvalar\u0131n\u0131n yo\u011fun \u00e7abalar\u0131 sonucunda T\u00fcrkiye\u2019nin bal\u0131k\u00e7\u0131l\u0131k merkezine d\u00f6n\u00fc\u015ft\u00fc.<br \/>\n<br \/>Yo\u011fun ilgi g\u00f6ren turnuvaya bu y\u0131l \u0130zmir \u00e7evresindeki t\u00fcm marinalardan ve uluslararas\u0131 \u00e7apta K\u0131br\u0131s\u2019tan gelecek iki teknenin yan\u0131 s\u0131ra Rusya, Ukrayna, Suudi Arabistan, G\u00fcney Afrika ve Yunanistan gibi \u00fclkelerden sporcular da kay\u0131t yapt\u0131rd\u0131.<br \/>\n<br \/>Y\u0131llard\u0131r en \u00e7ok ve en b\u00fcy\u00fck bal\u0131klar\u0131n yakaland\u0131\u011f\u0131 StafuPro Tuna Masters TEOS 2025\u2019te yar\u0131\u015fmaya ek olarak, turnuva sahas\u0131nda d\u00fcnya lideri bir\u00e7ok marka da sponsor olarak \u00fcr\u00fcnleri ile yer alacak.<\/p>\n<p>Murat \u0130yriboz: &#8220;2015\u2019ten itibaren turnuvalar\u0131m\u0131zda bir\u00e7ok rekorlar ya\u015fad\u0131k&#8221;<br \/>\n<br \/>Turnuvan\u0131n program\u0131 hakk\u0131nda a\u00e7\u0131klama yapan organizat\u00f6r Murat \u0130yriboz, &#8220;2015\u2019te 17 ekibin kat\u0131l\u0131m\u0131yla ba\u015flayan StafuPro Tuna Masters TEOS turnuvalar\u0131m\u0131zda bir\u00e7ok rekorlar ya\u015fad\u0131k. Ge\u00e7en y\u0131l 61 kat\u0131l\u0131mla haftalar \u00f6ncesinde kay\u0131tlar kapanm\u0131\u015ft\u0131. 2017\u2019de Erkut Soyak, G\u00f6khan \u00c7arm\u0131kl\u0131, Burhan \u00c7avu\u015fo\u011flu, Tahir U\u011fur\u2019dan olu\u015fan Baracuda ekibinin yakalad\u0131\u011f\u0131 295 kilo a\u011f\u0131rl\u0131\u011f\u0131ndaki bluefin orkinos ile 2021\u2019de &#8220;Orki Team&#8221; adl\u0131 tekne ile turnuvaya kat\u0131lan Suat Yi\u011fit, Yasin \u00c7inkaya, Tayfun \u00c7etinbay ve A. O\u011fuzhan Durmaz\u2019dan olu\u015fan tak\u0131m\u0131n yakalad\u0131\u011f\u0131 272 cm boyunda ve 74,5 kg a\u011f\u0131rl\u0131\u011f\u0131ndaki k\u0131l\u0131\u00e7bal\u0131\u011f\u0131, T\u00fcrkiye\u2019de d\u00fczenlenen turnuvalarda yakalanan en b\u00fcy\u00fck bal\u0131klar olarak tarihe ge\u00e7mi\u015fti. Bu y\u0131l da 11 ve 12 Eyl\u00fcl g\u00fcnleri teknelerin var\u0131\u015f\u0131 ve marinaya yerle\u015fmesiyle brifinglerin ard\u0131ndan 13 &#8211; 14 Eyl\u00fcl g\u00fcnleri rekor b\u00fcy\u00fckl\u00fckte bal\u0131klar\u0131n pe\u015finde olaca\u011f\u0131z. Cumartesi g\u00fcn\u00fc etkinlik sahas\u0131 a\u00e7\u0131k olacak ve sponsorlar\u0131m\u0131z yeni \u00fcr\u00fcnlerini sergileyecek. Pazar g\u00fcn\u00fc Happy Hour ve konserlerle renklenecek turnuvada hakem kararlar\u0131n\u0131n a\u00e7\u0131klanmas\u0131ndan sonra ger\u00e7ekle\u015fecek \u00f6d\u00fcl t\u00f6renini gala yeme\u011fi takip edecek. E\u011flence ise tam gaz devam edecek&#8221; dedi.<br \/>\n<br \/>StafuPro Tuna Masters TEOS 2025\u2019te toplanan puanlar, 18-21 Eyl\u00fcl 2024 tarihinde turnuvan\u0131n final aya\u011f\u0131 olan Raymarine Tuna Masters Ala\u00e7at\u0131 2025 turnuvas\u0131nda yar\u0131\u015fmac\u0131lara avantaj sa\u011flayacak.<br \/><\/p>\n","protected":false},"excerpt":{"rendered":"<p>Seferihisar Belediyesi himayesinde bu y\u0131l 10\u2019uncusu d\u00fczenlenecek StafuPro Tuna Masters TEOS 2025 Bal\u0131k\u00e7\u0131l\u0131k Turnuvas\u0131, 11-14 Eyl\u00fcl 2025 tarihlerinde ger\u00e7ekle\u015fecek. A\u00e7\u0131k deniz bal\u0131k\u00e7\u0131l\u0131\u011f\u0131n\u0131n b\u00fct\u00fcn ustalar\u0131 bu y\u0131l yine, ilk g\u00fcnden itibaren \u00e7ok b\u00fcy\u00fck ilgi g\u00f6ren ve T\u00fcrkiye\u2019nin ve Avrupa\u2019n\u0131n en b\u00fcy\u00fck turnuvalar\u0131ndan birisine d\u00f6n\u00fc\u015fen StafuPro Tuna Masters TEOS 2025\u2019te dev bal\u0131klar\u0131n pe\u015finde olacak. Turnuvan\u0131n ba\u015flang\u0131c\u0131 \u00f6ncesinde&#8230;<\/p>\n","protected":false},"author":1,"featured_media":52461,"comment_status":"open","ping_status":"open","sticky":false,"template":"","format":"standard","meta":{"_crdt_document":"","footnotes":""},"categories":[4],"tags":[],"class_list":["post-52460","post","type-post","status-publish","format-standard","has-post-thumbnail","hentry","category-spor"],"_links":{"self":[{"href":"https:\/\/www.egemtv.com\/index.php?rest_route=\/wp\/v2\/posts\/52460","targetHints":{"allow":["GET"]}}],"collection":[{"href":"https:\/\/www.egemtv.com\/index.php?rest_route=\/wp\/v2\/posts"}],"about":[{"href":"https:\/\/www.egemtv.com\/index.php?rest_route=\/wp\/v2\/types\/post"}],"author":[{"embeddable":true,"href":"https:\/\/www.egemtv.com\/index.php?rest_route=\/wp\/v2\/users\/1"}],"replies":[{"embeddable":true,"href":"https:\/\/www.egemtv.com\/index.php?rest_route=%2Fwp%2Fv2%2Fcomments&post=52460"}],"version-history":[{"count":1,"href":"https:\/\/www.egemtv.com\/index.php?rest_route=\/wp\/v2\/posts\/52460\/revisions"}],"predecessor-version":[{"id":52462,"href":"https:\/\/www.egemtv.com\/index.php?rest_route=\/wp\/v2\/posts\/52460\/revisions\/52462"}],"wp:featuredmedia":[{"embeddable":true,"href":"https:\/\/www.egemtv.com\/index.php?rest_route=\/wp\/v2\/media\/52461"}],"wp:attachment":[{"href":"https:\/\/www.egemtv.com\/index.php?rest_route=%2Fwp%2Fv2%2Fmedia&parent=52460"}],"wp:term":[{"taxonomy":"category","embeddable":true,"href":"https:\/\/www.egemtv.com\/index.php?rest_route=%2Fwp%2Fv2%2Fcategories&post=52460"},{"taxonomy":"post_tag","embeddable":true,"href":"https:\/\/www.egemtv.com\/index.php?rest_route=%2Fwp%2Fv2%2Ftags&post=52460"}],"curies":[{"name":"wp","href":"https:\/\/api.w.org\/{rel}","templated":true}]}}