{"id":52457,"date":"2025-08-31T13:36:26","date_gmt":"2025-08-31T10:36:26","guid":{"rendered":"https:\/\/www.egemtv.com\/?p=52457"},"modified":"2025-08-31T13:36:26","modified_gmt":"2025-08-31T10:36:26","slug":"incirlerini-kurutmaya-baslayan-ureticilerin-en-buyuk-sikintisi-hirsizlar","status":"publish","type":"post","link":"https:\/\/www.egemtv.com\/?p=52457","title":{"rendered":"\u0130ncirlerini kurutmaya ba\u015flayan \u00fcreticilerin en b\u00fcy\u00fck s\u0131k\u0131nt\u0131s\u0131 h\u0131rs\u0131zlar"},"content":{"rendered":"<p>D\u00fcnyan\u0131n en kaliteli incirlerinin yeti\u015fti\u011fi Ayd\u0131n\u2019da hasat sonras\u0131 toplanan incirler kurutulmaya ba\u015flan\u0131rken, \u00fcreticinin en b\u00fcy\u00fck s\u0131k\u0131nt\u0131s\u0131 ise incir h\u0131rs\u0131zlar\u0131 oldu. Ald\u0131klar\u0131 \u00f6nlemlere ra\u011fmen h\u0131rs\u0131zlardan kurtulamad\u0131klar\u0131n\u0131 ifade eden incir \u00fcreticisi Tansel \u00d6nder, &#8220;Kolluk kuvvetlerimizin de \u00f6zverili \u00e7al\u0131\u015fmalar\u0131 var ancak bu konuda yasal bir altyap\u0131n\u0131n olu\u015fturulmas\u0131 gerek. Yakalanan \u015f\u00fcpheli tutuksuz yarg\u0131lan\u0131yor ve ertesi g\u00fcn yine bah\u00e7elerimize geliyor&#8221; dedi.<br \/>\n<br \/>T\u00fcrkiye ekonomisine ciddi katk\u0131 sa\u011flayan ve \u00f6nemli ihra\u00e7 \u00fcr\u00fcnlerinden olan incirde sezon hareketlili\u011fi s\u00fcr\u00fcyor. \u00dclke pazar\u0131n\u0131n y\u00fczde 80\u2019ini kar\u015f\u0131layan Ayd\u0131n\u2019da da \u00fcreticileri hasat tela\u015f\u0131 sararken, sabah\u0131n ilk \u0131\u015f\u0131klar\u0131yla birlikte incir bah\u00e7elerine inen \u00fcreticiler, bir yandan incirlerini topluyor bir yandan da incir se\u00e7imlerini ger\u00e7ekle\u015ftiriyor. Bu y\u0131l ya\u015fanan kurakl\u0131k sebebiyle \u00f6zellikle sulanmayan yerlerde incirler zarar g\u00f6r\u00fcrken, Germencik il\u00e7esine ba\u011fl\u0131 Mursall\u0131 Mahallesi\u2019nde incir \u00fcreticili\u011fi yapan Tansel \u00d6nder, &#8220;Sezon, sulanan arazilerde incir \u00fcretimi olarak iyi fakat sulanmayan yerlerde \u00e7ok belirgin bir d\u00fc\u015f\u00fc\u015f var. A\u011fa\u00e7lar kuruyor, kurakl\u0131k \u00e7ok etkili oldu. Mutlak suretle sulama yap\u0131lmas\u0131 gerekiyor&#8221; dedi.<\/p>\n<p>&#8220;Hepimiz ayn\u0131 geminin i\u00e7erisindeyiz&#8221;<br \/>\n<br \/>\u0130ncir piyasas\u0131na m\u00fcdahale edilmeye \u00e7al\u0131\u015f\u0131ld\u0131\u011f\u0131n\u0131 ve ge\u00e7en y\u0131lki fiyatlardan al\u0131m yap\u0131lmaya \u00e7al\u0131\u015f\u0131ld\u0131\u011f\u0131n\u0131 s\u00f6yleyen \u00d6nder, bu durumun \u00fcreticiyi zora soktu\u011funu ve \u00fcreticisi, i\u015f\u00e7isi, ihracat\u00e7\u0131s\u0131yla herkesin ayn\u0131 gemide oldu\u011funu vurgulad\u0131. \u0130ncir fiyatlar\u0131n\u0131n en az ge\u00e7en y\u0131lki fiyat\u0131n y\u00fczde 50 \u00fczerinde olmas\u0131 gerekti\u011fini belirten \u00d6nder, &#8220;Burada piyasaya m\u00fcdahale edildi\u011fini d\u00fc\u015f\u00fcn\u00fcyoruz de\u011fil, biliyoruz. Piyasaya \u015f\u00f6yle m\u00fcdahale ediliyor. \u015eu tarihte ortaya \u00e7\u0131kaca\u011f\u0131z diyorlar. Ge\u00e7en senenin fiyat\u0131ndan almaya \u00e7al\u0131\u015f\u0131yorlar inciri. Zaten onlar\u0131n sunduklar\u0131 fiyat ger\u00e7ekle\u015firse, \u00fcretici bu \u00fcr\u00fcn\u00fc \u00fcretemez. Maliyetlerimizde y\u00fczde 100 art\u0131\u015flar var. \u00dcretti\u011fimiz \u00fcr\u00fcn\u00fcn miktar\u0131 da azalm\u0131\u015f durumda. Bu \u015fartlarda bu i\u015fin yap\u0131lmas\u0131n\u0131n da bir anlam\u0131 olmaz. \u00c7ok maliyetli bir i\u015f. Hepimiz ayn\u0131 geminin i\u00e7erisindeyiz. Herkesin makul seviyede bu i\u015ften para kazanmas\u0131 laz\u0131m. Bu d\u00f6ng\u00fcn\u00fcn devam edebilmesi i\u00e7in ama siz \u00fcreticinin s\u0131rt\u0131na bas\u0131p, normalde olmas\u0131 gereken inciri, o fiyatlar\u0131n \u00e7ok a\u015fa\u011f\u0131s\u0131nda al\u0131rsan\u0131z bu insanlar bu paray\u0131 kazanamaz. \u015eu an konu\u015fulan rakamlar \u00e7ok makul ama ge\u00e7en seneki rakamlar\u0131n en az y\u00fczde 50 \u00fczerinde olmas\u0131 laz\u0131m. Yine devletimize te\u015fekk\u00fcr etmek istiyorum. Y\u00fczde s\u0131f\u0131r maliyetli krediler veriyorlar bize. Ayr\u0131ca hibe destekleri var. Bu konuda devlet elinden geleni yap\u0131yor. Bu konuda \u00e7ift\u00e7ilerimize ula\u015fmam\u0131z laz\u0131m, \u00fcreticimizi bilin\u00e7lendirmemiz laz\u0131m. Yani bu konularda bilgilendirmek, kar\u015f\u0131l\u0131kl\u0131 isti\u015fare i\u00e7erisinde olmak ve ayn\u0131 gemide oldu\u011fumuzu unutmadan \u00e7ift\u00e7inin de \u00e7ok fazla s\u0131rt\u0131na basmadan bu i\u015fin yap\u0131lmas\u0131 laz\u0131m&#8221; ifadelerini kulland\u0131.<\/p>\n<p>&#8220;\u00c7ok ciddi bir yasal zemine oturtulmas\u0131 laz\u0131m&#8221;<br \/>\n<br \/>\u0130ncir \u00fcreticilerinin en b\u00fcy\u00fck sorununun incir h\u0131rs\u0131zlar\u0131 oldu\u011funu ifade eden \u00d6nder, &#8220;Buralarda bir \u00e7etele\u015fme var. H\u0131rs\u0131zl\u0131k \u00e7eteleri var. Geceleyin arazilerde n\u00f6bet tutmak zorunda kal\u0131yoruz. Buna ra\u011fmen jandarman\u0131n da \u00e7ok s\u0131k\u0131 \u00e7al\u0131\u015fmas\u0131 var. Fakat burada yasal bir bo\u015fluk var. Jandarma yakal\u0131yor, \u015f\u00fcpheliler tutuksuz yarg\u0131lan\u0131yor ve ertesi g\u00fcn gelip bu i\u015fe devam edebiliyor. Buradaki askerlerimizin, polisimizin inan\u0131lmaz bir \u00f6zverisi var ama neticesinde o \u015fah\u0131slar bunun fark\u0131nda de\u011fil. Bunlar zaten bilin\u00e7li insanlar olsa \u00e7al\u0131\u015fmay\u0131 ye\u011flerler. Daha sonraki y\u0131llarda \u00e7ok uzun s\u00fcreler cezaevinde kal\u0131yorlar ama bunun \u00e7ok ciddi bir yasal zemine oturtulmas\u0131 laz\u0131m. O konuda bir eksiklik var zannedersem&#8221; dedi.<\/p>\n<p>&#8220;Telleri kesip giriyorlar&#8221;<br \/>\n<br \/>\u0130ncir bah\u00e7esinde \u00e7al\u0131\u015fan i\u015f\u00e7ilerden Ali Oral da al\u0131nan \u00f6nlemlere ra\u011fmen h\u0131rs\u0131zlardan kurtulamad\u0131klar\u0131n\u0131 ifade ederek, &#8220;Bu y\u0131l, \u00fcr\u00fcnde g\u00fczel yerler de var olmayan yerler de var. Sulanm\u0131\u015f yerler \u00e7ok g\u00fczel sulanmam\u0131\u015f yerler ise baya\u011f\u0131 zarar g\u00f6rm\u00fc\u015f durumda. Biz sabahlar\u0131 6\u2019da ba\u015fl\u0131yoruz toplamaya s\u0131ca\u011fa kalmamak i\u00e7in \u00f6\u011flen saat 2\u2019de paydos ediyoruz. \u00c7\u0131rp\u0131yoruz, topluyoruz, seraya g\u00f6nderiyoruz. Serada ayr\u0131 ekipler var. Orada i\u015fleniyor. Bizim en b\u00fcy\u00fck s\u0131k\u0131nt\u0131m\u0131z ise h\u0131rs\u0131zlar. H\u0131rs\u0131zl\u0131k \u00e7ok oluyor. Geceleri bek\u00e7i b\u0131rak\u0131yoruz. Yine de fayda etmiyor. Gelip telleri kesiyorlar. Gece g\u00fcnd\u00fcz bek\u00e7iler buralarda ama yine de ba\u015f edemiyoruz. Hep gelip telleri kesip giriyorlar. Bizleri ma\u011fdur ediyorlar. Jandarma motorlarla dola\u015f\u0131yor. Yine de her tarafta h\u0131rs\u0131zlar var&#8221; \u015feklinde konu\u015ftu.<\/p>\n<p>&#8220;Yorgun oluyorlar ama rahat yatam\u0131yorlar&#8221;<br \/>\n<br \/>\u00dcreticilerin de i\u015f\u00e7ilerin de yorgunluklar\u0131na ra\u011fmen h\u0131rs\u0131zlar nedeniyle rahat yatamad\u0131klar\u0131n\u0131 ifade eden Zeycan Oral ise, &#8220;\u0130\u015f\u00e7iler tabii ki hakk\u0131yla \u00e7al\u0131\u015f\u0131yor. Al\u0131n teriyle \u00e7al\u0131\u015f\u0131yorlar. Sabah erkenden kalk\u0131yorlar ve m\u00fccadele ediyorlar. Ekme\u011fin pe\u015findeler yani. Biz sabah 6\u2019da ba\u015fl\u0131yoruz, \u00f6\u011fleden sonra 2 gibi b\u0131rak\u0131p gidiyoruz. Her g\u00fcn ayn\u0131 sistem. Patronlar veya i\u015f\u00e7iler y\u00f6n\u00fcnden s\u0131k\u0131nt\u0131m\u0131z yok ama \u015fu h\u0131rs\u0131zlar da olmasa \u00e7ok iyi olurdu. En b\u00fcy\u00fck s\u0131k\u0131nt\u0131m\u0131z h\u0131rs\u0131zlar. H\u0131rs\u0131zlar ne bizi ne patronlar\u0131 rahat b\u0131rakm\u0131yorlar. Geceleri i\u015f\u00e7iler olsun bek\u00e7iler olsun \u00e7ok yorgun oluyorlar ama rahat yatam\u0131yorlar. Seradaki elemanlar olsun gece boyunca geziyorlar ama fayda etmiyor&#8221; diye konu\u015ftu.<br \/>\n<br \/>Serada kurutulan incirleri kalitesine ve kurulu\u011funa g\u00f6re se\u00e7erek ay\u0131rd\u0131klar\u0131n\u0131 s\u00f6yleyen i\u015f\u00e7ilerden Menek\u015fe Tufan, &#8220;Burada kurusunu al\u0131yoruz, kalburdan ge\u00e7iriyoruz. Kalitesine g\u00f6re grupland\u0131r\u0131yoruz. Ona g\u00f6re ay\u0131r\u0131yoruz. Birinci, ikinci diye. Hurdas\u0131n\u0131 \u00e7\u0131kar\u0131yoruz. Her i\u015fin zorlu\u011fu var yani. Sabah 6\u2019da i\u015f ba\u015f\u0131 yap\u0131yoruz. \u00d6\u011flen 2\u2019de b\u0131rak\u0131yoruz&#8221; dedi.<br \/><\/p>\n","protected":false},"excerpt":{"rendered":"<p>D\u00fcnyan\u0131n en kaliteli incirlerinin yeti\u015fti\u011fi Ayd\u0131n\u2019da hasat sonras\u0131 toplanan incirler kurutulmaya ba\u015flan\u0131rken, \u00fcreticinin en b\u00fcy\u00fck s\u0131k\u0131nt\u0131s\u0131 ise incir h\u0131rs\u0131zlar\u0131 oldu. Ald\u0131klar\u0131 \u00f6nlemlere ra\u011fmen h\u0131rs\u0131zlardan kurtulamad\u0131klar\u0131n\u0131 ifade eden incir \u00fcreticisi Tansel \u00d6nder, &#8220;Kolluk kuvvetlerimizin de \u00f6zverili \u00e7al\u0131\u015fmalar\u0131 var ancak bu konuda yasal bir altyap\u0131n\u0131n olu\u015fturulmas\u0131 gerek. Yakalanan \u015f\u00fcpheli tutuksuz yarg\u0131lan\u0131yor ve ertesi g\u00fcn yine bah\u00e7elerimize geliyor&#8221;&#8230;<\/p>\n","protected":false},"author":1,"featured_media":52458,"comment_status":"open","ping_status":"open","sticky":false,"template":"","format":"standard","meta":{"_crdt_document":"","footnotes":""},"categories":[1],"tags":[],"class_list":["post-52457","post","type-post","status-publish","format-standard","has-post-thumbnail","hentry","category-guncel"],"_links":{"self":[{"href":"https:\/\/www.egemtv.com\/index.php?rest_route=\/wp\/v2\/posts\/52457","targetHints":{"allow":["GET"]}}],"collection":[{"href":"https:\/\/www.egemtv.com\/index.php?rest_route=\/wp\/v2\/posts"}],"about":[{"href":"https:\/\/www.egemtv.com\/index.php?rest_route=\/wp\/v2\/types\/post"}],"author":[{"embeddable":true,"href":"https:\/\/www.egemtv.com\/index.php?rest_route=\/wp\/v2\/users\/1"}],"replies":[{"embeddable":true,"href":"https:\/\/www.egemtv.com\/index.php?rest_route=%2Fwp%2Fv2%2Fcomments&post=52457"}],"version-history":[{"count":1,"href":"https:\/\/www.egemtv.com\/index.php?rest_route=\/wp\/v2\/posts\/52457\/revisions"}],"predecessor-version":[{"id":52459,"href":"https:\/\/www.egemtv.com\/index.php?rest_route=\/wp\/v2\/posts\/52457\/revisions\/52459"}],"wp:featuredmedia":[{"embeddable":true,"href":"https:\/\/www.egemtv.com\/index.php?rest_route=\/wp\/v2\/media\/52458"}],"wp:attachment":[{"href":"https:\/\/www.egemtv.com\/index.php?rest_route=%2Fwp%2Fv2%2Fmedia&parent=52457"}],"wp:term":[{"taxonomy":"category","embeddable":true,"href":"https:\/\/www.egemtv.com\/index.php?rest_route=%2Fwp%2Fv2%2Fcategories&post=52457"},{"taxonomy":"post_tag","embeddable":true,"href":"https:\/\/www.egemtv.com\/index.php?rest_route=%2Fwp%2Fv2%2Ftags&post=52457"}],"curies":[{"name":"wp","href":"https:\/\/api.w.org\/{rel}","templated":true}]}}