{"id":52454,"date":"2025-08-31T13:36:25","date_gmt":"2025-08-31T10:36:25","guid":{"rendered":"https:\/\/www.egemtv.com\/?p=52454"},"modified":"2025-08-31T13:36:25","modified_gmt":"2025-08-31T10:36:25","slug":"kutahya-seker-fabrikasi-iscileri-greve-basladi","status":"publish","type":"post","link":"https:\/\/www.egemtv.com\/?p=52454","title":{"rendered":"K\u00fctahya \u015eeker Fabrikas\u0131 i\u015f\u00e7ileri greve ba\u015flad\u0131"},"content":{"rendered":"<p>K\u00fctahya \u015eeker Fabrikas\u0131\u2019nda \u00e7al\u0131\u015fan i\u015f\u00e7iler, toplu i\u015f s\u00f6zle\u015fmesi g\u00f6r\u00fc\u015fmelerinde zam oranlar\u0131nda anla\u015fma sa\u011flanamamas\u0131 \u00fczerine greve ba\u015flad\u0131.<br \/>\n<br \/>\u015eeker-\u0130\u015f Sendikas\u0131\u2019na ba\u011fl\u0131 238 i\u015f\u00e7inin g\u00f6rev yapt\u0131\u011f\u0131 fabrikada yakla\u015f\u0131k 200 i\u015f\u00e7i, fabrika \u00f6n\u00fcnde toplanarak taleplerinin kar\u015f\u0131lanmas\u0131 i\u00e7in greve ba\u015flad\u0131. \u0130\u015f\u00e7ilere, \u015eeker-\u0130\u015f Genel Ba\u015fkan\u0131 \u0130sa G\u00f6k de destek verdi. Grev s\u0131ras\u0131nda &#8220;Direne direne kazanaca\u011f\u0131z&#8221;, &#8220;\u0130\u015f\u00e7iyiz hakl\u0131y\u0131z&#8221; sloganlar\u0131 atan i\u015f\u00e7iler, zam oranlar\u0131 belirleninceye kadar greve devam edeceklerini duyurdu.<br \/>\n<br \/>A\u00e7\u0131klamalarda bulunan \u015eeker-\u0130\u015f Genel Ba\u015fkan\u0131 \u0130sa G\u00f6k, Mart ay\u0131nda ba\u015flayan g\u00f6r\u00fc\u015fmelerin sonu\u00e7suz kalmas\u0131 \u00fczerine 21 A\u011fustos\u2019ta grev karar\u0131 ald\u0131klar\u0131n\u0131 hat\u0131rlatt\u0131. G\u00f6k, &#8220;30 A\u011fustos Zafer Bayram\u0131\u2019nda grevimize ba\u015flad\u0131k. Di\u011fer \u00f6zel \u015feker fabrikalar\u0131nda \u00e7al\u0131\u015fanlarla ayn\u0131 i\u015fi yap\u0131yoruz ancak 15-20 bin lira daha d\u00fc\u015f\u00fck \u00fccret al\u0131yoruz. Hakk\u0131m\u0131z\u0131 alana kadar m\u00fccadelemiz s\u00fcrecek&#8221; dedi.<br \/>\n<br \/>Toplu s\u00f6zle\u015fmeden yana olduklar\u0131n\u0131 ancak i\u015f\u00e7ilerin taleplerinin kar\u015f\u0131lanmad\u0131\u011f\u0131n\u0131 savunan G\u00f6k, &#8220;Grev karar\u0131n\u0131 i\u015f\u00e7ilere sorduk. 186 evet, 36 hay\u0131r, 1 ge\u00e7ersiz oy \u00e7\u0131kt\u0131. \u0130\u015f\u00e7i arkada\u015flar\u0131m\u0131z bug\u00fcne kadar fabrikada \u00e7ok ba\u015far\u0131l\u0131 \u00e7al\u0131\u015fmalar yapt\u0131. Bundan sonra da haklar\u0131n\u0131 al\u0131ncaya kadar m\u00fccadele edecekler&#8221; ifadelerini kulland\u0131.<\/p>\n<p>K\u00fctahya \u015eeker Fabrikas\u0131 hakk\u0131nda<br \/>\n<br \/>Kiler Holding i\u015ftiraki K\u00fctahya \u015eeker, uluslararas\u0131 kalite standartlar\u0131nda \u00fcretim yap\u0131yor. Kiler Holding, 2004 y\u0131l\u0131nda \u00f6zelle\u015ftirilen K\u00fctahya \u015eeker A.\u015e\u2019nin, kamuya ait hissesinin yar\u0131s\u0131 olan y\u00fczde 42\u2019lik b\u00f6l\u00fcm\u00fcn\u00fc sat\u0131n alarak \u015feker \u00fcretiminde de faaliyet g\u00f6stermeye ba\u015flam\u0131\u015ft\u0131.<br \/><\/p>\n","protected":false},"excerpt":{"rendered":"<p>K\u00fctahya \u015eeker Fabrikas\u0131\u2019nda \u00e7al\u0131\u015fan i\u015f\u00e7iler, toplu i\u015f s\u00f6zle\u015fmesi g\u00f6r\u00fc\u015fmelerinde zam oranlar\u0131nda anla\u015fma sa\u011flanamamas\u0131 \u00fczerine greve ba\u015flad\u0131. \u015eeker-\u0130\u015f Sendikas\u0131\u2019na ba\u011fl\u0131 238 i\u015f\u00e7inin g\u00f6rev yapt\u0131\u011f\u0131 fabrikada yakla\u015f\u0131k 200 i\u015f\u00e7i, fabrika \u00f6n\u00fcnde toplanarak taleplerinin kar\u015f\u0131lanmas\u0131 i\u00e7in greve ba\u015flad\u0131. \u0130\u015f\u00e7ilere, \u015eeker-\u0130\u015f Genel Ba\u015fkan\u0131 \u0130sa G\u00f6k de destek verdi. Grev s\u0131ras\u0131nda &#8220;Direne direne kazanaca\u011f\u0131z&#8221;, &#8220;\u0130\u015f\u00e7iyiz hakl\u0131y\u0131z&#8221; sloganlar\u0131 atan i\u015f\u00e7iler, zam&#8230;<\/p>\n","protected":false},"author":1,"featured_media":52455,"comment_status":"open","ping_status":"open","sticky":false,"template":"","format":"standard","meta":{"_crdt_document":"","footnotes":""},"categories":[125],"tags":[],"class_list":["post-52454","post","type-post","status-publish","format-standard","has-post-thumbnail","hentry","category-ekonomi"],"_links":{"self":[{"href":"https:\/\/www.egemtv.com\/index.php?rest_route=\/wp\/v2\/posts\/52454","targetHints":{"allow":["GET"]}}],"collection":[{"href":"https:\/\/www.egemtv.com\/index.php?rest_route=\/wp\/v2\/posts"}],"about":[{"href":"https:\/\/www.egemtv.com\/index.php?rest_route=\/wp\/v2\/types\/post"}],"author":[{"embeddable":true,"href":"https:\/\/www.egemtv.com\/index.php?rest_route=\/wp\/v2\/users\/1"}],"replies":[{"embeddable":true,"href":"https:\/\/www.egemtv.com\/index.php?rest_route=%2Fwp%2Fv2%2Fcomments&post=52454"}],"version-history":[{"count":1,"href":"https:\/\/www.egemtv.com\/index.php?rest_route=\/wp\/v2\/posts\/52454\/revisions"}],"predecessor-version":[{"id":52456,"href":"https:\/\/www.egemtv.com\/index.php?rest_route=\/wp\/v2\/posts\/52454\/revisions\/52456"}],"wp:featuredmedia":[{"embeddable":true,"href":"https:\/\/www.egemtv.com\/index.php?rest_route=\/wp\/v2\/media\/52455"}],"wp:attachment":[{"href":"https:\/\/www.egemtv.com\/index.php?rest_route=%2Fwp%2Fv2%2Fmedia&parent=52454"}],"wp:term":[{"taxonomy":"category","embeddable":true,"href":"https:\/\/www.egemtv.com\/index.php?rest_route=%2Fwp%2Fv2%2Fcategories&post=52454"},{"taxonomy":"post_tag","embeddable":true,"href":"https:\/\/www.egemtv.com\/index.php?rest_route=%2Fwp%2Fv2%2Ftags&post=52454"}],"curies":[{"name":"wp","href":"https:\/\/api.w.org\/{rel}","templated":true}]}}