{"id":52451,"date":"2025-08-31T13:36:24","date_gmt":"2025-08-31T10:36:24","guid":{"rendered":"https:\/\/www.egemtv.com\/?p=52451"},"modified":"2025-08-31T13:36:25","modified_gmt":"2025-08-31T10:36:25","slug":"yunusemreden-bir-sosyal-tesis-daha","status":"publish","type":"post","link":"https:\/\/www.egemtv.com\/?p=52451","title":{"rendered":"Yunusemre\u2019den bir sosyal tesis daha"},"content":{"rendered":"<p>Yunusemre Belediyesi \u015firketlerinden MAYEB A\u015e, yeni bir sosyal tesis a\u00e7\u0131yor. &#8220;Sakl\u0131 Bah\u00e7e&#8221; olarak bilinen alan, &#8220;Publika&#8221; ismiyle, 1 Eyl\u00fcl Pazartesi g\u00fcn\u00fc yap\u0131lacak a\u00e7\u0131l\u0131\u015fla Manisal\u0131lar\u0131n hizmetine girecek.<br \/>\n<br \/>Yunusemre Belediyesi i\u015ftiraki olan MAYEB A\u015e taraf\u0131ndan 1 Eyl\u00fcl Pazartesi g\u00fcn\u00fc yeni bir sosyal tesis a\u00e7\u0131l\u0131yor. &#8220;Publika&#8221; isimli i\u015fletmenin a\u00e7\u0131l\u0131\u015f\u0131 saat 18.30\u2019da ger\u00e7ekle\u015ftirilecek. Laleli Mahallesi Ali R\u0131za Efendi Caddesi no.7\/A\u2019da bulunan, Magnesia AVM arkas\u0131nda, Manisal\u0131lar\u0131n Sakl\u0131 Bah\u00e7e olarak bildi\u011fi alanda hizmet verecek sosyal tesisin a\u00e7\u0131l\u0131\u015f\u0131na t\u00fcm vatanda\u015flar davet edildi.<br \/><\/p>\n","protected":false},"excerpt":{"rendered":"<p>Yunusemre Belediyesi \u015firketlerinden MAYEB A\u015e, yeni bir sosyal tesis a\u00e7\u0131yor. &#8220;Sakl\u0131 Bah\u00e7e&#8221; olarak bilinen alan, &#8220;Publika&#8221; ismiyle, 1 Eyl\u00fcl Pazartesi g\u00fcn\u00fc yap\u0131lacak a\u00e7\u0131l\u0131\u015fla Manisal\u0131lar\u0131n hizmetine girecek. Yunusemre Belediyesi i\u015ftiraki olan MAYEB A\u015e taraf\u0131ndan 1 Eyl\u00fcl Pazartesi g\u00fcn\u00fc yeni bir sosyal tesis a\u00e7\u0131l\u0131yor. &#8220;Publika&#8221; isimli i\u015fletmenin a\u00e7\u0131l\u0131\u015f\u0131 saat 18.30\u2019da ger\u00e7ekle\u015ftirilecek. Laleli Mahallesi Ali R\u0131za Efendi Caddesi&#8230;<\/p>\n","protected":false},"author":1,"featured_media":52452,"comment_status":"open","ping_status":"open","sticky":false,"template":"","format":"standard","meta":{"_crdt_document":"","footnotes":""},"categories":[127],"tags":[],"class_list":["post-52451","post","type-post","status-publish","format-standard","has-post-thumbnail","hentry","category-siyaset"],"_links":{"self":[{"href":"https:\/\/www.egemtv.com\/index.php?rest_route=\/wp\/v2\/posts\/52451","targetHints":{"allow":["GET"]}}],"collection":[{"href":"https:\/\/www.egemtv.com\/index.php?rest_route=\/wp\/v2\/posts"}],"about":[{"href":"https:\/\/www.egemtv.com\/index.php?rest_route=\/wp\/v2\/types\/post"}],"author":[{"embeddable":true,"href":"https:\/\/www.egemtv.com\/index.php?rest_route=\/wp\/v2\/users\/1"}],"replies":[{"embeddable":true,"href":"https:\/\/www.egemtv.com\/index.php?rest_route=%2Fwp%2Fv2%2Fcomments&post=52451"}],"version-history":[{"count":1,"href":"https:\/\/www.egemtv.com\/index.php?rest_route=\/wp\/v2\/posts\/52451\/revisions"}],"predecessor-version":[{"id":52453,"href":"https:\/\/www.egemtv.com\/index.php?rest_route=\/wp\/v2\/posts\/52451\/revisions\/52453"}],"wp:featuredmedia":[{"embeddable":true,"href":"https:\/\/www.egemtv.com\/index.php?rest_route=\/wp\/v2\/media\/52452"}],"wp:attachment":[{"href":"https:\/\/www.egemtv.com\/index.php?rest_route=%2Fwp%2Fv2%2Fmedia&parent=52451"}],"wp:term":[{"taxonomy":"category","embeddable":true,"href":"https:\/\/www.egemtv.com\/index.php?rest_route=%2Fwp%2Fv2%2Fcategories&post=52451"},{"taxonomy":"post_tag","embeddable":true,"href":"https:\/\/www.egemtv.com\/index.php?rest_route=%2Fwp%2Fv2%2Ftags&post=52451"}],"curies":[{"name":"wp","href":"https:\/\/api.w.org\/{rel}","templated":true}]}}