{"id":52445,"date":"2025-08-31T13:14:47","date_gmt":"2025-08-31T10:14:47","guid":{"rendered":"https:\/\/www.egemtv.com\/?p=52445"},"modified":"2025-08-31T13:14:48","modified_gmt":"2025-08-31T10:14:48","slug":"aydinlilar-zafer-bayramini-unlu-sanatciyla-kutladi","status":"publish","type":"post","link":"https:\/\/www.egemtv.com\/?p=52445","title":{"rendered":"Ayd\u0131nl\u0131lar Zafer Bayram\u0131\u2019n\u0131 \u00fcnl\u00fc sanat\u00e7\u0131yla kutlad\u0131"},"content":{"rendered":"<p>Ayd\u0131n B\u00fcy\u00fck\u015fehir Belediyesi\u2019nin d\u00fczenledi\u011fi 30 A\u011fustos Zafer Bayram\u0131 etkinliklerinde Atat\u00fcrk Kent Meydan\u0131\u2019nda Hakan Altun konseri vatanda\u015flardan yo\u011fun ilgi g\u00f6rd\u00fc.<\/p>\n<p>Gazi Mustafa Kemal Atat\u00fcrk \u00f6nderli\u011finde kazan\u0131lan B\u00fcy\u00fck Zafer\u2019in 103. y\u0131l\u0131 Ayd\u0131n\u2019da b\u00fcy\u00fck bir gurur ve co\u015fkuyla kutland\u0131. Ayd\u0131n B\u00fcy\u00fck\u015fehir Belediyesi\u2019nin d\u00fczenledi\u011fi 30 A\u011fustos Zafer Bayram\u0131 etkinliklerinde Atat\u00fcrk Kent Meydan\u0131 h\u0131nca h\u0131n\u00e7 dolarken, sahneye \u00e7\u0131kan \u00fcnl\u00fc sanat\u00e7\u0131 Hakan Altun, sevilen \u015fark\u0131lar\u0131yla Ayd\u0131nl\u0131lara unutulmaz bir gece ya\u015fatt\u0131.<\/p>\n<p>On binlerce ki\u015finin ellerinde T\u00fcrk bayraklar\u0131yla kat\u0131ld\u0131\u011f\u0131 konserde, meydan\u0131 dolduran co\u015fkulu kalabal\u0131k hep bir a\u011f\u0131zdan \u015fark\u0131lara e\u015flik etti. Vatanda\u015flar, konser nedeniyle Ayd\u0131n B\u00fcy\u00fck\u015fehir Belediye Ba\u015fkan\u0131 \u00d6zlem \u00c7er\u00e7io\u011flu\u2019na te\u015fekk\u00fcr etti. Ayd\u0131n B\u00fcy\u00fck\u015fehir Belediyesi\u2019nin Zafer Bayram\u0131 etkinlikleri h\u0131z kesmeden s\u00fcr\u00fcyor. 31 A\u011fustos Pazar g\u00fcn\u00fc saat 21.30\u2019da \u0130ncirliova Cumhuriyet Meydan\u0131\u2019nda sahne alacak \u00dcmit Besen ve Pamela konseriyle co\u015fku doru\u011fa \u00e7\u0131kacak.<br \/><\/p>\n","protected":false},"excerpt":{"rendered":"<p>Ayd\u0131n B\u00fcy\u00fck\u015fehir Belediyesi\u2019nin d\u00fczenledi\u011fi 30 A\u011fustos Zafer Bayram\u0131 etkinliklerinde Atat\u00fcrk Kent Meydan\u0131\u2019nda Hakan Altun konseri vatanda\u015flardan yo\u011fun ilgi g\u00f6rd\u00fc. Gazi Mustafa Kemal Atat\u00fcrk \u00f6nderli\u011finde kazan\u0131lan B\u00fcy\u00fck Zafer\u2019in 103. y\u0131l\u0131 Ayd\u0131n\u2019da b\u00fcy\u00fck bir gurur ve co\u015fkuyla kutland\u0131. Ayd\u0131n B\u00fcy\u00fck\u015fehir Belediyesi\u2019nin d\u00fczenledi\u011fi 30 A\u011fustos Zafer Bayram\u0131 etkinliklerinde Atat\u00fcrk Kent Meydan\u0131 h\u0131nca h\u0131n\u00e7 dolarken, sahneye \u00e7\u0131kan \u00fcnl\u00fc sanat\u00e7\u0131&#8230;<\/p>\n","protected":false},"author":1,"featured_media":52446,"comment_status":"open","ping_status":"open","sticky":false,"template":"","format":"standard","meta":{"_crdt_document":"","footnotes":""},"categories":[1],"tags":[],"class_list":["post-52445","post","type-post","status-publish","format-standard","has-post-thumbnail","hentry","category-guncel"],"_links":{"self":[{"href":"https:\/\/www.egemtv.com\/index.php?rest_route=\/wp\/v2\/posts\/52445","targetHints":{"allow":["GET"]}}],"collection":[{"href":"https:\/\/www.egemtv.com\/index.php?rest_route=\/wp\/v2\/posts"}],"about":[{"href":"https:\/\/www.egemtv.com\/index.php?rest_route=\/wp\/v2\/types\/post"}],"author":[{"embeddable":true,"href":"https:\/\/www.egemtv.com\/index.php?rest_route=\/wp\/v2\/users\/1"}],"replies":[{"embeddable":true,"href":"https:\/\/www.egemtv.com\/index.php?rest_route=%2Fwp%2Fv2%2Fcomments&post=52445"}],"version-history":[{"count":1,"href":"https:\/\/www.egemtv.com\/index.php?rest_route=\/wp\/v2\/posts\/52445\/revisions"}],"predecessor-version":[{"id":52447,"href":"https:\/\/www.egemtv.com\/index.php?rest_route=\/wp\/v2\/posts\/52445\/revisions\/52447"}],"wp:featuredmedia":[{"embeddable":true,"href":"https:\/\/www.egemtv.com\/index.php?rest_route=\/wp\/v2\/media\/52446"}],"wp:attachment":[{"href":"https:\/\/www.egemtv.com\/index.php?rest_route=%2Fwp%2Fv2%2Fmedia&parent=52445"}],"wp:term":[{"taxonomy":"category","embeddable":true,"href":"https:\/\/www.egemtv.com\/index.php?rest_route=%2Fwp%2Fv2%2Fcategories&post=52445"},{"taxonomy":"post_tag","embeddable":true,"href":"https:\/\/www.egemtv.com\/index.php?rest_route=%2Fwp%2Fv2%2Ftags&post=52445"}],"curies":[{"name":"wp","href":"https:\/\/api.w.org\/{rel}","templated":true}]}}