{"id":52442,"date":"2025-08-31T13:14:47","date_gmt":"2025-08-31T10:14:47","guid":{"rendered":"https:\/\/www.egemtv.com\/?p=52442"},"modified":"2025-08-31T13:14:47","modified_gmt":"2025-08-31T10:14:47","slug":"aydinspor-taraftarlar-derneginden-baskan-yetiskine-tepki","status":"publish","type":"post","link":"https:\/\/www.egemtv.com\/?p=52442","title":{"rendered":"Ayd\u0131nspor Taraftarlar Derne\u011fi\u2019nden Ba\u015fkan Yeti\u015fkin\u2019e tepki"},"content":{"rendered":"<p>Ayd\u0131nspor Taraftarlar Derne\u011fi, Efeler Belediye Ba\u015fkan\u0131 An\u0131l Yeti\u015fkin\u2019in kendilerine verdi\u011fi destek s\u00f6zlerini yerine getirmedi\u011fini belirterek yap\u0131lan g\u00f6r\u00fc\u015fmelerde al\u0131nan s\u00f6zlerin uygulanmamas\u0131na tepki g\u00f6sterdi.<\/p>\n<p>Ayd\u0131nspor Taraftarlar Derne\u011fi\u2019nden yap\u0131lan a\u00e7\u0131klamada, 7 Ekim 2024 tarihinde talep edilen randevunun ancak bir ay sonra 7 Kas\u0131m 2024\u2019te ger\u00e7ekle\u015ftirilebildi\u011fi belirtilerek, &#8220;O g\u00f6r\u00fc\u015fmede kendisinden hem Ayd\u0131nsporumuz hem de Ayd\u0131nspor Taraftarlar Derne\u011fimiz i\u00e7in net s\u00f6zler ald\u0131k. \u015eehirde Ayd\u0131nspor logosunun yok denecek kadar az oldu\u011funu dile getirdik, kendisi de bu konuda \u00e7al\u0131\u015fma yapaca\u011f\u0131na dair notlar ald\u0131. Hatta Efeler\u2019de bir Ayd\u0131nspor Park\u0131 yap\u0131m\u0131n\u0131 g\u00fcndeme getirebilece\u011fini ifade etti. Bug\u00fcn gelinen noktada g\u00f6r\u00fcyoruz ki; Yeti\u015fkin ne Ayd\u0131nspor\u2019a ne de Ayd\u0131nspor Taraftarlar Derne\u011fi\u2019ne herhangi bir destekte bulunmam\u0131\u015ft\u0131r. Ayd\u0131nspor\u2019un \u015fampiyonluk kupas\u0131n\u0131 kald\u0131r\u0131rken kameralara g\u00fcl\u00fcmseyen Ba\u015fkan, i\u015f icraata geldi\u011finde ortada yoktur. Dahas\u0131, Cumhuriyet Mahallesi\u2019nde Efeler Belediyesi yetki alan\u0131nda bulunan otopark alt\u0131ndaki d\u00fckkan talebimizi g\u00f6rmezden gelmi\u015f, bu hakk\u0131 Ayd\u0131nspor camias\u0131na de\u011fil, ba\u015fka bir derne\u011fe tahsis etmeyi tercih etmi\u015ftir. Bu karar, Ayd\u0131nspor taraftar\u0131n\u0131 hi\u00e7e saymak, y\u0131llard\u0131r emek veren binlerce insan\u0131 yok saymakt\u0131r. Ayd\u0131nspor sadece bir kupa kald\u0131rma foto\u011fraf\u0131ndan ibaret de\u011fildir. Bu \u015fehir i\u00e7in bir de\u011fer, bir simgedir. Taraftar\u0131n eme\u011fiyle, derne\u011fimizin m\u00fccadelesiyle y\u00fckselmeye \u00e7al\u0131\u015fan bu kul\u00fcp, verilen s\u00f6zlerle oyalanamaz. Buradan a\u00e7\u0131k\u00e7a ifade ediyoruz: Yeti\u015fkin\u2019den verdi\u011fi s\u00f6zleri yerine getirmesini istiyoruz. Zaman\u0131m\u0131z daral\u0131yor. Bu \u015fehrin gen\u00e7leri, taraftar\u0131 ve Ayd\u0131nspor camias\u0131 art\u0131k oyalama de\u011fil, somut destek beklemektedir. Ayd\u0131nspor\u2019un yan\u0131nda samimiyetle duran herkes bizim i\u00e7in k\u0131ymetlidir. Ama sadece s\u00f6z verip arkas\u0131nda durmayanlara tarih asla iyi bakmaz. Yeti\u015fkin\u2019den bir an \u00f6nce, \u015fu anda bo\u015f durumda olan Kemer Mahallesi\u2019ndeki Ayd\u0131n Tenis Kul\u00fcb\u00fc misafirhanesini, \u00fccreti mukabilinde kul\u00fcb\u00fcm\u00fcz i\u00e7in tahsis etmesini istiyoruz&#8221; ifadelerine yer verildi.<br \/><\/p>\n","protected":false},"excerpt":{"rendered":"<p>Ayd\u0131nspor Taraftarlar Derne\u011fi, Efeler Belediye Ba\u015fkan\u0131 An\u0131l Yeti\u015fkin\u2019in kendilerine verdi\u011fi destek s\u00f6zlerini yerine getirmedi\u011fini belirterek yap\u0131lan g\u00f6r\u00fc\u015fmelerde al\u0131nan s\u00f6zlerin uygulanmamas\u0131na tepki g\u00f6sterdi. Ayd\u0131nspor Taraftarlar Derne\u011fi\u2019nden yap\u0131lan a\u00e7\u0131klamada, 7 Ekim 2024 tarihinde talep edilen randevunun ancak bir ay sonra 7 Kas\u0131m 2024\u2019te ger\u00e7ekle\u015ftirilebildi\u011fi belirtilerek, &#8220;O g\u00f6r\u00fc\u015fmede kendisinden hem Ayd\u0131nsporumuz hem de Ayd\u0131nspor Taraftarlar Derne\u011fimiz i\u00e7in net&#8230;<\/p>\n","protected":false},"author":1,"featured_media":52443,"comment_status":"open","ping_status":"open","sticky":false,"template":"","format":"standard","meta":{"_crdt_document":"","footnotes":""},"categories":[4],"tags":[],"class_list":["post-52442","post","type-post","status-publish","format-standard","has-post-thumbnail","hentry","category-spor"],"_links":{"self":[{"href":"https:\/\/www.egemtv.com\/index.php?rest_route=\/wp\/v2\/posts\/52442","targetHints":{"allow":["GET"]}}],"collection":[{"href":"https:\/\/www.egemtv.com\/index.php?rest_route=\/wp\/v2\/posts"}],"about":[{"href":"https:\/\/www.egemtv.com\/index.php?rest_route=\/wp\/v2\/types\/post"}],"author":[{"embeddable":true,"href":"https:\/\/www.egemtv.com\/index.php?rest_route=\/wp\/v2\/users\/1"}],"replies":[{"embeddable":true,"href":"https:\/\/www.egemtv.com\/index.php?rest_route=%2Fwp%2Fv2%2Fcomments&post=52442"}],"version-history":[{"count":1,"href":"https:\/\/www.egemtv.com\/index.php?rest_route=\/wp\/v2\/posts\/52442\/revisions"}],"predecessor-version":[{"id":52444,"href":"https:\/\/www.egemtv.com\/index.php?rest_route=\/wp\/v2\/posts\/52442\/revisions\/52444"}],"wp:featuredmedia":[{"embeddable":true,"href":"https:\/\/www.egemtv.com\/index.php?rest_route=\/wp\/v2\/media\/52443"}],"wp:attachment":[{"href":"https:\/\/www.egemtv.com\/index.php?rest_route=%2Fwp%2Fv2%2Fmedia&parent=52442"}],"wp:term":[{"taxonomy":"category","embeddable":true,"href":"https:\/\/www.egemtv.com\/index.php?rest_route=%2Fwp%2Fv2%2Fcategories&post=52442"},{"taxonomy":"post_tag","embeddable":true,"href":"https:\/\/www.egemtv.com\/index.php?rest_route=%2Fwp%2Fv2%2Ftags&post=52442"}],"curies":[{"name":"wp","href":"https:\/\/api.w.org\/{rel}","templated":true}]}}