{"id":52439,"date":"2025-08-31T12:56:10","date_gmt":"2025-08-31T09:56:10","guid":{"rendered":"https:\/\/www.egemtv.com\/?p=52439"},"modified":"2025-08-31T12:56:11","modified_gmt":"2025-08-31T09:56:11","slug":"ogretmenler-1-eylulde-mesleki-calismalara-baslayacak","status":"publish","type":"post","link":"https:\/\/www.egemtv.com\/?p=52439","title":{"rendered":"\u00d6\u011fretmenler 1 Eyl\u00fcl\u2019de mesleki \u00e7al\u0131\u015fmalara ba\u015flayacak"},"content":{"rendered":"<p>Milli E\u011fitim Bakanl\u0131\u011f\u0131 taraf\u0131ndan a\u00e7\u0131klanan 2025-2026 e\u011fitim \u00f6\u011fretim y\u0131l\u0131 takvimi kapsam\u0131nda Manisa\u2019da \u00f6\u011fretmenlerin mesleki \u00e7al\u0131\u015fmalar\u0131 1 Eyl\u00fcl Pazartesi g\u00fcn\u00fc ba\u015flayacak. Okul \u00f6ncesi ve ilkokul 1. s\u0131n\u0131f \u00f6\u011frencileri i\u00e7in 1-5 Eyl\u00fcl tarihleri aras\u0131nda uyum e\u011fitimleri de ba\u015flarken, ortaokul 5. s\u0131n\u0131flar, imam hatip ortaokullar\u0131, lise haz\u0131rl\u0131k s\u0131n\u0131flar\u0131 ve 9. s\u0131n\u0131flar i\u00e7in de rehberlik \u00e7al\u0131\u015fmalar\u0131 ger\u00e7ekle\u015ftirilecek.<br \/>\n<br \/>E\u011fitim \u00f6\u011fretimde verilen yakla\u015f\u0131k 3 ayl\u0131k yaz tatili 1 Eyl\u00fcl itibariyle sona eriyor. \u00d6\u011fretmenler 1 Eyl\u00fcl itibariyle mesleki \u00e7al\u0131\u015fmalar\u0131na ba\u015flarken, okul \u00f6ncesi ve 1. s\u0131n\u0131f \u00f6\u011frencileri de 1 Eyl\u00fcl itibariyle uyum e\u011fitimine ba\u015flayacak. Okullar ise kap\u0131lar\u0131n\u0131 8 Eyl\u00fcl tarihinde t\u00fcm \u00f6\u011frencilerine a\u00e7acak. \u00c7al\u0131\u015fma takvimine g\u00f6re yeni e\u011fitim \u00f6\u011fretim y\u0131l\u0131 8 Eyl\u00fcl\u2019de ba\u015flayacak ve 26 Haziran 2026 tarihinde sona erecek.<br \/>\n<br \/>Manisa \u0130l Milli E\u011fitim M\u00fcd\u00fcr\u00fc Mehmet U\u011furelli, yeni d\u00f6neme g\u00fc\u00e7l\u00fc bir haz\u0131rl\u0131kla girdiklerini belirterek, &#8220;Manisa Milli E\u011fitim M\u00fcd\u00fcrl\u00fc\u011f\u00fc olarak 1.143 okul ve kurumumuz, 11 bin 653 s\u0131n\u0131f\u0131m\u0131z, 19 bin 953 \u00f6\u011fretmenimiz ve 271 bin 21 \u00f6\u011frencimizle 2025-2026 E\u011fitim \u00d6\u011fretim y\u0131l\u0131, Milli E\u011fitim Bakanl\u0131\u011f\u0131m\u0131z\u0131n vizyonuyla \u015fekillenen T\u00fcrkiye Y\u00fczy\u0131l\u0131 Maarif Modeli \u0131\u015f\u0131\u011f\u0131nda kap\u0131lar\u0131n\u0131 a\u00e7\u0131yor&#8221; dedi.<br \/><\/p>\n","protected":false},"excerpt":{"rendered":"<p>Milli E\u011fitim Bakanl\u0131\u011f\u0131 taraf\u0131ndan a\u00e7\u0131klanan 2025-2026 e\u011fitim \u00f6\u011fretim y\u0131l\u0131 takvimi kapsam\u0131nda Manisa\u2019da \u00f6\u011fretmenlerin mesleki \u00e7al\u0131\u015fmalar\u0131 1 Eyl\u00fcl Pazartesi g\u00fcn\u00fc ba\u015flayacak. Okul \u00f6ncesi ve ilkokul 1. s\u0131n\u0131f \u00f6\u011frencileri i\u00e7in 1-5 Eyl\u00fcl tarihleri aras\u0131nda uyum e\u011fitimleri de ba\u015flarken, ortaokul 5. s\u0131n\u0131flar, imam hatip ortaokullar\u0131, lise haz\u0131rl\u0131k s\u0131n\u0131flar\u0131 ve 9. s\u0131n\u0131flar i\u00e7in de rehberlik \u00e7al\u0131\u015fmalar\u0131 ger\u00e7ekle\u015ftirilecek. E\u011fitim \u00f6\u011fretimde&#8230;<\/p>\n","protected":false},"author":1,"featured_media":52440,"comment_status":"open","ping_status":"open","sticky":false,"template":"","format":"standard","meta":{"_crdt_document":"","footnotes":""},"categories":[1],"tags":[],"class_list":["post-52439","post","type-post","status-publish","format-standard","has-post-thumbnail","hentry","category-guncel"],"_links":{"self":[{"href":"https:\/\/www.egemtv.com\/index.php?rest_route=\/wp\/v2\/posts\/52439","targetHints":{"allow":["GET"]}}],"collection":[{"href":"https:\/\/www.egemtv.com\/index.php?rest_route=\/wp\/v2\/posts"}],"about":[{"href":"https:\/\/www.egemtv.com\/index.php?rest_route=\/wp\/v2\/types\/post"}],"author":[{"embeddable":true,"href":"https:\/\/www.egemtv.com\/index.php?rest_route=\/wp\/v2\/users\/1"}],"replies":[{"embeddable":true,"href":"https:\/\/www.egemtv.com\/index.php?rest_route=%2Fwp%2Fv2%2Fcomments&post=52439"}],"version-history":[{"count":1,"href":"https:\/\/www.egemtv.com\/index.php?rest_route=\/wp\/v2\/posts\/52439\/revisions"}],"predecessor-version":[{"id":52441,"href":"https:\/\/www.egemtv.com\/index.php?rest_route=\/wp\/v2\/posts\/52439\/revisions\/52441"}],"wp:featuredmedia":[{"embeddable":true,"href":"https:\/\/www.egemtv.com\/index.php?rest_route=\/wp\/v2\/media\/52440"}],"wp:attachment":[{"href":"https:\/\/www.egemtv.com\/index.php?rest_route=%2Fwp%2Fv2%2Fmedia&parent=52439"}],"wp:term":[{"taxonomy":"category","embeddable":true,"href":"https:\/\/www.egemtv.com\/index.php?rest_route=%2Fwp%2Fv2%2Fcategories&post=52439"},{"taxonomy":"post_tag","embeddable":true,"href":"https:\/\/www.egemtv.com\/index.php?rest_route=%2Fwp%2Fv2%2Ftags&post=52439"}],"curies":[{"name":"wp","href":"https:\/\/api.w.org\/{rel}","templated":true}]}}