{"id":52436,"date":"2025-08-31T12:56:10","date_gmt":"2025-08-31T09:56:10","guid":{"rendered":"https:\/\/www.egemtv.com\/?p=52436"},"modified":"2025-08-31T12:56:10","modified_gmt":"2025-08-31T09:56:10","slug":"seydikemerde-otomobil-tirla-carpisti-1-olu","status":"publish","type":"post","link":"https:\/\/www.egemtv.com\/?p=52436","title":{"rendered":"Seydikemer\u2019de otomobil t\u0131rla \u00e7arp\u0131\u015ft\u0131: 1 \u00f6l\u00fc"},"content":{"rendered":"<p>Mu\u011fla\u2019n\u0131n Seydikemer il\u00e7esinde sabah saatlerinde meydana gelen trafik kazas\u0131nda bir ki\u015fi hayat\u0131n\u0131 kaybetti.<br \/>\n<br \/>Kaza, Bay\u0131r Mahallesi Karabel mevkiinde saat 06.00 s\u0131ralar\u0131nda meydan geldi. Edinilen bilgilere g\u00f6re kaza, 48 JU 969 plakal\u0131 otomobiliyle seyir halinde olan Adem Yaman (37), kar\u015f\u0131 y\u00f6nden gelen \u0130smail C. (38) y\u00f6netimindeki 07 CAZ 419 plakal\u0131 t\u0131rla \u00e7arp\u0131\u015ft\u0131. \u00c7arp\u0131\u015fman\u0131n etkisiyle a\u011f\u0131r yaralanan otomobil s\u00fcr\u00fcc\u00fcs\u00fc Yaman, 112 Acil \u00c7a\u011fr\u0131 Merkezi\u2019ne yap\u0131lan ihbar \u00fczerine olay yerine sevk edilen sa\u011fl\u0131k ekipleri taraf\u0131ndan Seydikemer Devlet Hastanesi\u2019ne kald\u0131r\u0131ld\u0131. Hastanede tedavi alt\u0131na al\u0131nan Yaman doktorlar\u0131n t\u00fcm \u00e7abalar\u0131na ra\u011fmen kurtar\u0131lamad\u0131. Adem Yaman\u2019\u0131n \u00f6l\u00fcm haberi ailesi ve t\u00fcm sevenlerini yasa bo\u011fdu.<br \/>\n<br \/>Olayla ilgili soru\u015fturma s\u00fcr\u00fcyor.<br \/><\/p>\n","protected":false},"excerpt":{"rendered":"<p>Mu\u011fla\u2019n\u0131n Seydikemer il\u00e7esinde sabah saatlerinde meydana gelen trafik kazas\u0131nda bir ki\u015fi hayat\u0131n\u0131 kaybetti. Kaza, Bay\u0131r Mahallesi Karabel mevkiinde saat 06.00 s\u0131ralar\u0131nda meydan geldi. Edinilen bilgilere g\u00f6re kaza, 48 JU 969 plakal\u0131 otomobiliyle seyir halinde olan Adem Yaman (37), kar\u015f\u0131 y\u00f6nden gelen \u0130smail C. (38) y\u00f6netimindeki 07 CAZ 419 plakal\u0131 t\u0131rla \u00e7arp\u0131\u015ft\u0131. \u00c7arp\u0131\u015fman\u0131n etkisiyle a\u011f\u0131r yaralanan&#8230;<\/p>\n","protected":false},"author":1,"featured_media":52437,"comment_status":"open","ping_status":"open","sticky":false,"template":"","format":"standard","meta":{"_crdt_document":"","footnotes":""},"categories":[5],"tags":[],"class_list":["post-52436","post","type-post","status-publish","format-standard","has-post-thumbnail","hentry","category-asayis"],"_links":{"self":[{"href":"https:\/\/www.egemtv.com\/index.php?rest_route=\/wp\/v2\/posts\/52436","targetHints":{"allow":["GET"]}}],"collection":[{"href":"https:\/\/www.egemtv.com\/index.php?rest_route=\/wp\/v2\/posts"}],"about":[{"href":"https:\/\/www.egemtv.com\/index.php?rest_route=\/wp\/v2\/types\/post"}],"author":[{"embeddable":true,"href":"https:\/\/www.egemtv.com\/index.php?rest_route=\/wp\/v2\/users\/1"}],"replies":[{"embeddable":true,"href":"https:\/\/www.egemtv.com\/index.php?rest_route=%2Fwp%2Fv2%2Fcomments&post=52436"}],"version-history":[{"count":1,"href":"https:\/\/www.egemtv.com\/index.php?rest_route=\/wp\/v2\/posts\/52436\/revisions"}],"predecessor-version":[{"id":52438,"href":"https:\/\/www.egemtv.com\/index.php?rest_route=\/wp\/v2\/posts\/52436\/revisions\/52438"}],"wp:featuredmedia":[{"embeddable":true,"href":"https:\/\/www.egemtv.com\/index.php?rest_route=\/wp\/v2\/media\/52437"}],"wp:attachment":[{"href":"https:\/\/www.egemtv.com\/index.php?rest_route=%2Fwp%2Fv2%2Fmedia&parent=52436"}],"wp:term":[{"taxonomy":"category","embeddable":true,"href":"https:\/\/www.egemtv.com\/index.php?rest_route=%2Fwp%2Fv2%2Fcategories&post=52436"},{"taxonomy":"post_tag","embeddable":true,"href":"https:\/\/www.egemtv.com\/index.php?rest_route=%2Fwp%2Fv2%2Ftags&post=52436"}],"curies":[{"name":"wp","href":"https:\/\/api.w.org\/{rel}","templated":true}]}}