{"id":52433,"date":"2025-08-31T12:36:42","date_gmt":"2025-08-31T09:36:42","guid":{"rendered":"https:\/\/www.egemtv.com\/?p=52433"},"modified":"2025-08-31T12:36:43","modified_gmt":"2025-08-31T09:36:43","slug":"minik-voleybolcular-basari-belgelerini-baskan-akindan-aldi","status":"publish","type":"post","link":"https:\/\/www.egemtv.com\/?p=52433","title":{"rendered":"Minik voleybolcular ba\u015far\u0131 belgelerini Ba\u015fkan Ak\u0131n\u2019dan ald\u0131"},"content":{"rendered":"<p>Turgutlu Belediyesi Yaz Spor Okullar\u0131 kapsam\u0131nda d\u00fczenlenen voleybol kursu sona erdi. \u00d6\u011frenciler belgelerini Turgutlu Belediye Ba\u015fkan\u0131 \u00c7etin Ak\u0131n\u2019\u0131n elinden ald\u0131. Ba\u015fkan \u00c7etin Ak\u0131n, &#8220;Turgutlu\u2019yu spor kenti yapma hayalim vard\u0131. \u00d6zellikle de k\u0131z \u00e7ocuklar\u0131m\u0131z\u0131n hem geli\u015fmesi hem de enerjilerini atabilecek olduklar\u0131 salonlarda spor yapmalar\u0131 \u00e7ok de\u011ferliydi. \u0130yi ki vars\u0131n\u0131z&#8221; dedi.<br \/>\n<br \/>Turgutlu Belediyesi K\u00fclt\u00fcr ve Sosyal \u0130\u015fler M\u00fcd\u00fcrl\u00fc\u011f\u00fc b\u00fcnyesindeki voleybol kursu tamamland\u0131. Yaz d\u00f6nemi boyunca yo\u011fun bir tempoda e\u011fitim g\u00f6ren minik voleybolculara emek ve \u00e7abalar\u0131n\u0131n kar\u015f\u0131l\u0131\u011f\u0131 olarak ba\u015far\u0131 belgeleri verildi. Ba\u015fkan \u00c7etin Ak\u0131n, \u00f6\u011frencilerle bir araya gelerek tebriklerini iletti ve ba\u015far\u0131 belgelerini takdim etti.<br \/>\n<br \/>Ba\u015fkan \u00c7etin Ak\u0131n ayn\u0131 zamanda TVF Kad\u0131nlar 2. Ligi 2025-2026 sezonu haz\u0131rl\u0131klar\u0131na devam eden Turgutlu Belediyesi Kad\u0131n Voleybol Tak\u0131m\u0131 oyuncular\u0131 ve teknik ekibiyle de bulu\u015ftu. Kad\u0131n voleybol tak\u0131m\u0131n\u0131n antrenman\u0131n\u0131 gelece\u011fin y\u0131ld\u0131z voleybolcular\u0131yla birlikte izledi.<br \/>\n<br \/>Ba\u015fkan \u00c7etin Ak\u0131n\u2019a, Belediye Ba\u015fkan Yard\u0131mc\u0131lar\u0131 H\u00fcseyin Maliz, Evren Erba\u015f Ser, K\u00fclt\u00fcr ve Sosyal \u0130\u015fler M\u00fcd\u00fcr\u00fc B\u00fclent G\u00f6kmen, Bas\u0131n Yay\u0131n ve Halkla \u0130li\u015fkiler M\u00fcd\u00fcrl\u00fc\u011f\u00fc Sorumlusu Emrah Kan\u0131k e\u015flik ederek voleybol kursu \u00f6\u011frencilerine belgelerini verdi.<\/p>\n<p>&#8220;Sporla kal\u0131n, sporcu olun. Mutlu olun, mutlu ya\u015fay\u0131n&#8221;<br \/>\n<br \/>&#8220;K\u0131z \u00e7ocuklar\u0131m\u0131z\u0131n hem geli\u015fmesi hem de enerjilerini atabilecek olduklar\u0131 salonlarda spor yapmalar\u0131 \u00e7ok de\u011ferliydi&#8221; diyen Ba\u015fkan \u00c7etin Ak\u0131n, &#8220;Turgutlu\u2019yu spor kenti yapma hayalim vard\u0131. Bu kadar kalabal\u0131k sporcu grubunu kar\u015f\u0131mda g\u00f6r\u00fcnce \u00e7ok duyguland\u0131m. \u0130yi ki vars\u0131n\u0131z, iyi ki bizimle beraber bu \u00e7al\u0131\u015fmalara kat\u0131l\u0131yorsunuz. Yaz d\u00f6nemi kurslar\u0131m\u0131z bitiyor ama Turgutlu\u2019ya \u00e7ok g\u00fczel bir spor kompleksi kazand\u0131r\u0131yoruz. \u0130n\u015fallah 19 Eyl\u00fcl\u2019de a\u00e7\u0131l\u0131\u015f\u0131n\u0131 yapaca\u011f\u0131z. Turgutlu Belediyesine ait kapal\u0131 bir spor salonumuz olacak. Bundan sonra sadece yaz d\u00f6neminde de\u011fil, k\u0131\u015f d\u00f6neminde de spor kompleksimizde hizmet verebilece\u011fiz. Hepinizin spordan uzak kalmamak kayd\u0131yla hayat\u0131na devam etmesini istiyorum. \u0130n\u015fallah ba\u015far\u0131larla dolu bir hayat ya\u015fars\u0131n\u0131z, \u00f6m\u00fcr ge\u00e7irirsiniz. Sporla kal\u0131n, sporcu olun. Mutlu olun, mutlu ya\u015fay\u0131n&#8221; ifadelerini kulland\u0131.<br \/><\/p>\n","protected":false},"excerpt":{"rendered":"<p>Turgutlu Belediyesi Yaz Spor Okullar\u0131 kapsam\u0131nda d\u00fczenlenen voleybol kursu sona erdi. \u00d6\u011frenciler belgelerini Turgutlu Belediye Ba\u015fkan\u0131 \u00c7etin Ak\u0131n\u2019\u0131n elinden ald\u0131. Ba\u015fkan \u00c7etin Ak\u0131n, &#8220;Turgutlu\u2019yu spor kenti yapma hayalim vard\u0131. \u00d6zellikle de k\u0131z \u00e7ocuklar\u0131m\u0131z\u0131n hem geli\u015fmesi hem de enerjilerini atabilecek olduklar\u0131 salonlarda spor yapmalar\u0131 \u00e7ok de\u011ferliydi. \u0130yi ki vars\u0131n\u0131z&#8221; dedi. Turgutlu Belediyesi K\u00fclt\u00fcr ve Sosyal \u0130\u015fler&#8230;<\/p>\n","protected":false},"author":1,"featured_media":52434,"comment_status":"open","ping_status":"open","sticky":false,"template":"","format":"standard","meta":{"_crdt_document":"","footnotes":""},"categories":[4],"tags":[],"class_list":["post-52433","post","type-post","status-publish","format-standard","has-post-thumbnail","hentry","category-spor"],"_links":{"self":[{"href":"https:\/\/www.egemtv.com\/index.php?rest_route=\/wp\/v2\/posts\/52433","targetHints":{"allow":["GET"]}}],"collection":[{"href":"https:\/\/www.egemtv.com\/index.php?rest_route=\/wp\/v2\/posts"}],"about":[{"href":"https:\/\/www.egemtv.com\/index.php?rest_route=\/wp\/v2\/types\/post"}],"author":[{"embeddable":true,"href":"https:\/\/www.egemtv.com\/index.php?rest_route=\/wp\/v2\/users\/1"}],"replies":[{"embeddable":true,"href":"https:\/\/www.egemtv.com\/index.php?rest_route=%2Fwp%2Fv2%2Fcomments&post=52433"}],"version-history":[{"count":1,"href":"https:\/\/www.egemtv.com\/index.php?rest_route=\/wp\/v2\/posts\/52433\/revisions"}],"predecessor-version":[{"id":52435,"href":"https:\/\/www.egemtv.com\/index.php?rest_route=\/wp\/v2\/posts\/52433\/revisions\/52435"}],"wp:featuredmedia":[{"embeddable":true,"href":"https:\/\/www.egemtv.com\/index.php?rest_route=\/wp\/v2\/media\/52434"}],"wp:attachment":[{"href":"https:\/\/www.egemtv.com\/index.php?rest_route=%2Fwp%2Fv2%2Fmedia&parent=52433"}],"wp:term":[{"taxonomy":"category","embeddable":true,"href":"https:\/\/www.egemtv.com\/index.php?rest_route=%2Fwp%2Fv2%2Fcategories&post=52433"},{"taxonomy":"post_tag","embeddable":true,"href":"https:\/\/www.egemtv.com\/index.php?rest_route=%2Fwp%2Fv2%2Ftags&post=52433"}],"curies":[{"name":"wp","href":"https:\/\/api.w.org\/{rel}","templated":true}]}}