{"id":52430,"date":"2025-08-31T12:36:41","date_gmt":"2025-08-31T09:36:41","guid":{"rendered":"https:\/\/www.egemtv.com\/?p=52430"},"modified":"2025-08-31T12:36:42","modified_gmt":"2025-08-31T09:36:42","slug":"motosikletinin-hakimiyetini-kaybeden-surucu-hayatini-kaybetti","status":"publish","type":"post","link":"https:\/\/www.egemtv.com\/?p=52430","title":{"rendered":"Motosikletinin hakimiyetini kaybeden s\u00fcr\u00fcc\u00fc hayat\u0131n\u0131 kaybetti"},"content":{"rendered":"<p>Mu\u011fla\u2019n\u0131n Fethiye il\u00e7esinde hakimiyetini kaybetti\u011fi motosikletten d\u00fc\u015fen s\u00fcr\u00fcc\u00fc hayat\u0131n\u0131 kaybetti.<\/p>\n<p>Kaza, Cahit Be\u011fen\u00e7 Bulvar\u0131 ile 982 Sokak kav\u015fa\u011f\u0131n gece saatlerinde meydana geldi. Edinilen bilgilere g\u00f6re, 48 AHL 728 plakal\u0131 motosiklet s\u00fcr\u00fcc\u00fcs\u00fc Veli G\u00fcnay, Hen\u00fcz bilinmeyen bir nedenle hakimiyetini kaybetti. Motosikletten d\u00fc\u015fen G\u00fcnay yaraland\u0131. Kazay\u0131 g\u00f6renler durumu 112 Acil \u00c7a\u011fr\u0131 Merkezi\u2019ne bildirdi. \u0130hbar \u00fczerine b\u00f6lgeye sa\u011fl\u0131k ve polis ekipleri sevk edildi. K\u0131sa s\u00fcrede olay yerine gelen sa\u011fl\u0131k ekipleri G\u00fcnay\u2019a ilk m\u00fcdahalesini yaparak ambulansla hastaneye kald\u0131rd\u0131. Hastanede tedavi alt\u0131na al\u0131nan G\u00fcnay, doktorlar\u0131n t\u00fcm \u00e7abalar\u0131na ra\u011fmen kurtar\u0131lamayarak hayat\u0131n\u0131 kaybetti. G\u00fcnay\u2019\u0131n \u00f6l\u00fcm haberi ailesi ve t\u00fcm sevenlerini yasa bo\u011fdu.<\/p>\n<p>Olayla ilgili soru\u015fturma s\u00fcr\u00fcyor.<br \/><\/p>\n","protected":false},"excerpt":{"rendered":"<p>Mu\u011fla\u2019n\u0131n Fethiye il\u00e7esinde hakimiyetini kaybetti\u011fi motosikletten d\u00fc\u015fen s\u00fcr\u00fcc\u00fc hayat\u0131n\u0131 kaybetti. Kaza, Cahit Be\u011fen\u00e7 Bulvar\u0131 ile 982 Sokak kav\u015fa\u011f\u0131n gece saatlerinde meydana geldi. Edinilen bilgilere g\u00f6re, 48 AHL 728 plakal\u0131 motosiklet s\u00fcr\u00fcc\u00fcs\u00fc Veli G\u00fcnay, Hen\u00fcz bilinmeyen bir nedenle hakimiyetini kaybetti. Motosikletten d\u00fc\u015fen G\u00fcnay yaraland\u0131. Kazay\u0131 g\u00f6renler durumu 112 Acil \u00c7a\u011fr\u0131 Merkezi\u2019ne bildirdi. \u0130hbar \u00fczerine b\u00f6lgeye sa\u011fl\u0131k&#8230;<\/p>\n","protected":false},"author":1,"featured_media":52431,"comment_status":"open","ping_status":"open","sticky":false,"template":"","format":"standard","meta":{"_crdt_document":"","footnotes":""},"categories":[5],"tags":[],"class_list":["post-52430","post","type-post","status-publish","format-standard","has-post-thumbnail","hentry","category-asayis"],"_links":{"self":[{"href":"https:\/\/www.egemtv.com\/index.php?rest_route=\/wp\/v2\/posts\/52430","targetHints":{"allow":["GET"]}}],"collection":[{"href":"https:\/\/www.egemtv.com\/index.php?rest_route=\/wp\/v2\/posts"}],"about":[{"href":"https:\/\/www.egemtv.com\/index.php?rest_route=\/wp\/v2\/types\/post"}],"author":[{"embeddable":true,"href":"https:\/\/www.egemtv.com\/index.php?rest_route=\/wp\/v2\/users\/1"}],"replies":[{"embeddable":true,"href":"https:\/\/www.egemtv.com\/index.php?rest_route=%2Fwp%2Fv2%2Fcomments&post=52430"}],"version-history":[{"count":1,"href":"https:\/\/www.egemtv.com\/index.php?rest_route=\/wp\/v2\/posts\/52430\/revisions"}],"predecessor-version":[{"id":52432,"href":"https:\/\/www.egemtv.com\/index.php?rest_route=\/wp\/v2\/posts\/52430\/revisions\/52432"}],"wp:featuredmedia":[{"embeddable":true,"href":"https:\/\/www.egemtv.com\/index.php?rest_route=\/wp\/v2\/media\/52431"}],"wp:attachment":[{"href":"https:\/\/www.egemtv.com\/index.php?rest_route=%2Fwp%2Fv2%2Fmedia&parent=52430"}],"wp:term":[{"taxonomy":"category","embeddable":true,"href":"https:\/\/www.egemtv.com\/index.php?rest_route=%2Fwp%2Fv2%2Fcategories&post=52430"},{"taxonomy":"post_tag","embeddable":true,"href":"https:\/\/www.egemtv.com\/index.php?rest_route=%2Fwp%2Fv2%2Ftags&post=52430"}],"curies":[{"name":"wp","href":"https:\/\/api.w.org\/{rel}","templated":true}]}}