{"id":52424,"date":"2025-08-31T12:36:40","date_gmt":"2025-08-31T09:36:40","guid":{"rendered":"https:\/\/www.egemtv.com\/?p=52424"},"modified":"2025-08-31T12:36:40","modified_gmt":"2025-08-31T09:36:40","slug":"uzman-cavusun-otobus-gec-geldi-diye-silah-cektigi-anlar-kamerada","status":"publish","type":"post","link":"https:\/\/www.egemtv.com\/?p=52424","title":{"rendered":"Uzman \u00e7avu\u015fun otob\u00fcs ge\u00e7 geldi diye silah \u00e7ekti\u011fi anlar kamerada"},"content":{"rendered":"<p>Afyonkarahisar\u2019da bekledi\u011fi otob\u00fcs 15 dakika ge\u00e7 geldi\u011fi i\u00e7in 20 ya\u015f\u0131ndaki g\u00f6revliye sald\u0131ran, ard\u0131ndan silah \u00e7eken ve ate\u015flemek isteyen uzman \u00e7avu\u015f g\u00f6zalt\u0131na al\u0131n\u0131rken, g\u00fcvenlik kameralar\u0131na anbean yans\u0131yan olayda silah\u0131n \u015fans eseri tutukluk yapt\u0131\u011f\u0131 i\u00e7in ate\u015f almad\u0131\u011f\u0131 ortaya \u00e7\u0131kt\u0131.<br \/>\n<br \/>Olay, Afyonkarahisar \u015eehirlararas\u0131 Otob\u00fcs Terminalinde meydana geldi. Edinilen bilgilere g\u00f6re, Yusuf K. isimli \u015fah\u0131s ba\u015fka bir \u015fehre gitmek i\u00e7in bir otob\u00fcs firmas\u0131ndan bilet ald\u0131. Ard\u0131ndan otogara gelen Yusuf K., binece\u011fi arac\u0131 beklemeye ba\u015flad\u0131. Ancak otob\u00fcs 15 dakika r\u00f6tarl\u0131 geldi. Buna \u00f6fkelenen Yusuf K., iddiaya g\u00f6re, firman\u0131n g\u00f6revlilerinden Baran S. ile tart\u0131\u015fmaya ba\u015flad\u0131. Tart\u0131\u015fman\u0131n kavgaya d\u00f6n\u00fc\u015fmesi \u00fczerine Yusuf K. ve aile \u00fcyeleri, Baran S. ile di\u011fer g\u00f6revlilere sald\u0131rd\u0131. Tekme ve yumruklarla birlerine giren taraflar\u0131 araya girenler sakinle\u015ftirmeye \u00e7al\u0131\u015ft\u0131. Bu esnada Yusuf K., belindeki silah\u0131 \u00e7ekerek Baran S. ve yan\u0131ndakilere do\u011frultup ate\u015flemek istedi. Ancak silah tutukluk yaparak ate\u015f almad\u0131. G\u00fcvenlik kameralar\u0131na da anbean yans\u0131yan olayda \u00e7evredeki di\u011fer yolcular ise silah\u0131 g\u00f6r\u00fcnce korku ve panik i\u00e7inde ka\u00e7\u0131\u015fmaya ba\u015flad\u0131. Olay\u0131n ard\u0131ndan \u00f6zel g\u00fcvenlikler ve otogarda bulunan polis ekipleri duruma m\u00fcdahale etti.<\/p>\n<p>&#8220;Emniyet g\u00fc\u00e7leri s\u0131rf bir yolcu otob\u00fcs\u00fc 15 dakika ge\u00e7 geldi diye silah \u00e7ekiyorsa biz kime g\u00fcvenece\u011fiz?&#8221;<br \/>\n<br \/>Polis taraf\u0131ndan g\u00f6zalt\u0131na al\u0131nan Yusuf K.\u2019nin karakolda yap\u0131lan kimlik sorgulamas\u0131nda jandarma uzman \u00e7avu\u015f oldu\u011fu ortaya \u00e7\u0131kt\u0131.<br \/>\n<br \/>Olayda silah tutukluk yapt\u0131\u011f\u0131 i\u00e7in \u00f6l\u00fcmden d\u00f6nen Baran S. ya\u015fananlar\u0131 \u015f\u00f6yle anlatt\u0131:<br \/>\n<br \/>&#8220;S\u0131rf bir yolcu otob\u00fcs\u00fc 15 dakika ge\u00e7 geldi diye bir jandarma personeli taraf\u0131ndan silah \u00e7ekilip, teti\u011fine bas\u0131l\u0131p s\u0131rf o ilah tutukluluk yapt\u0131 diye \u00f6lmeyen birisiyim. \u015eehirleraras\u0131 yolcu ta\u015f\u0131mac\u0131l\u0131\u011f\u0131 sekt\u00f6r\u00fcnde \u00e7al\u0131\u015f\u0131yorum. Yolcu otob\u00fcs\u00fc 15 dakika ge\u00e7 geldi diye a\u011fabeyi, karde\u015f ve baba olan 3 ki\u015fi taraf\u0131ndan sald\u0131r\u0131ya u\u011frad\u0131m. Bunlardan en k\u00fc\u00e7\u00fck olan ve jandarma olarak g\u00f6rev yapmakta olan ki\u015fi toplum i\u00e7erisinde, silah\u0131n\u0131 \u00e7ekip bana do\u011frultup ate\u015f a\u00e7maya \u00e7al\u0131\u015ft\u0131. Bu olay\u0131n i\u00e7erisinde olan 2 ki\u015fi jandarma olarak g\u00f6rev yapmakta. Bu \u00fclkedeki emniyet g\u00fc\u00e7leri s\u0131rf bir yolcu otob\u00fcs\u00fc 15 dakika ge\u00e7 geldi diye daha \u00f6nce hi\u00e7 g\u00f6rmedi\u011fi ve tan\u0131mad\u0131\u011f\u0131 bir insana silah \u00e7ekip s\u0131kmaya \u00e7al\u0131\u015f\u0131yorsa bir kime g\u00fcvenece\u011fiz?&#8221;<br \/>\n<br \/>\u00d6te yandan, g\u00f6zalt\u0131na al\u0131nan Yusuf K.\u2019n\u0131n savc\u0131l\u0131\u011f\u0131 sevk edildi\u011fi ve i\u015flemlerinin devam etti\u011fi belirtildi.<br \/><\/p>\n","protected":false},"excerpt":{"rendered":"<p>Afyonkarahisar\u2019da bekledi\u011fi otob\u00fcs 15 dakika ge\u00e7 geldi\u011fi i\u00e7in 20 ya\u015f\u0131ndaki g\u00f6revliye sald\u0131ran, ard\u0131ndan silah \u00e7eken ve ate\u015flemek isteyen uzman \u00e7avu\u015f g\u00f6zalt\u0131na al\u0131n\u0131rken, g\u00fcvenlik kameralar\u0131na anbean yans\u0131yan olayda silah\u0131n \u015fans eseri tutukluk yapt\u0131\u011f\u0131 i\u00e7in ate\u015f almad\u0131\u011f\u0131 ortaya \u00e7\u0131kt\u0131. Olay, Afyonkarahisar \u015eehirlararas\u0131 Otob\u00fcs Terminalinde meydana geldi. Edinilen bilgilere g\u00f6re, Yusuf K. isimli \u015fah\u0131s ba\u015fka bir \u015fehre gitmek&#8230;<\/p>\n","protected":false},"author":1,"featured_media":52425,"comment_status":"open","ping_status":"open","sticky":false,"template":"","format":"standard","meta":{"_crdt_document":"","footnotes":""},"categories":[5],"tags":[],"class_list":["post-52424","post","type-post","status-publish","format-standard","has-post-thumbnail","hentry","category-asayis"],"_links":{"self":[{"href":"https:\/\/www.egemtv.com\/index.php?rest_route=\/wp\/v2\/posts\/52424","targetHints":{"allow":["GET"]}}],"collection":[{"href":"https:\/\/www.egemtv.com\/index.php?rest_route=\/wp\/v2\/posts"}],"about":[{"href":"https:\/\/www.egemtv.com\/index.php?rest_route=\/wp\/v2\/types\/post"}],"author":[{"embeddable":true,"href":"https:\/\/www.egemtv.com\/index.php?rest_route=\/wp\/v2\/users\/1"}],"replies":[{"embeddable":true,"href":"https:\/\/www.egemtv.com\/index.php?rest_route=%2Fwp%2Fv2%2Fcomments&post=52424"}],"version-history":[{"count":1,"href":"https:\/\/www.egemtv.com\/index.php?rest_route=\/wp\/v2\/posts\/52424\/revisions"}],"predecessor-version":[{"id":52426,"href":"https:\/\/www.egemtv.com\/index.php?rest_route=\/wp\/v2\/posts\/52424\/revisions\/52426"}],"wp:featuredmedia":[{"embeddable":true,"href":"https:\/\/www.egemtv.com\/index.php?rest_route=\/wp\/v2\/media\/52425"}],"wp:attachment":[{"href":"https:\/\/www.egemtv.com\/index.php?rest_route=%2Fwp%2Fv2%2Fmedia&parent=52424"}],"wp:term":[{"taxonomy":"category","embeddable":true,"href":"https:\/\/www.egemtv.com\/index.php?rest_route=%2Fwp%2Fv2%2Fcategories&post=52424"},{"taxonomy":"post_tag","embeddable":true,"href":"https:\/\/www.egemtv.com\/index.php?rest_route=%2Fwp%2Fv2%2Ftags&post=52424"}],"curies":[{"name":"wp","href":"https:\/\/api.w.org\/{rel}","templated":true}]}}