{"id":52421,"date":"2025-08-31T12:14:57","date_gmt":"2025-08-31T09:14:57","guid":{"rendered":"https:\/\/www.egemtv.com\/?p=52421"},"modified":"2025-08-31T12:14:58","modified_gmt":"2025-08-31T09:14:58","slug":"suruklenen-yelkenli-teknedeki-78-duzensiz-gocmen-kurtarildi","status":"publish","type":"post","link":"https:\/\/www.egemtv.com\/?p=52421","title":{"rendered":"S\u00fcr\u00fcklenen yelkenli teknedeki 78 d\u00fczensiz g\u00f6\u00e7men kurtar\u0131ld\u0131"},"content":{"rendered":"<p>Mu\u011fla\u2019n\u0131n Dat\u00e7a il\u00e7esi a\u00e7\u0131klar\u0131nda, yelkenli tekne ile yasa d\u0131\u015f\u0131 yollardan ka\u00e7\u0131\u015f haz\u0131rl\u0131\u011f\u0131nda olan d\u00fczensiz g\u00f6\u00e7menlerin teknesi motor ar\u0131zas\u0131 sorsa s\u00fcr\u00fcklenmeye ba\u015flay\u0131nca yard\u0131m talebinde bulundular.<br \/>\n<br \/>Dat\u00e7a il\u00e7esi a\u00e7\u0131klar\u0131nda i\u00e7erisinde d\u00fczensiz g\u00f6\u00e7menlerin oldu\u011fu yelkenli teknenin motor ar\u0131zas\u0131 nedeniyle s\u00fcr\u00fcklendi\u011fi ve yard\u0131m talebinde bulunuldu\u011fu bilgisinin al\u0131nmas\u0131 \u00fczerine g\u00f6revlendirilen Sahil G\u00fcvenlik Botlar\u0131 taraf\u0131ndan \u0130talya rotas\u0131 \u00fczerinde bulunan yelkenli tekne i\u00e7erisindeki 56 d\u00fczensiz g\u00f6\u00e7men (beraberinde 21 \u00e7ocuk) kurtar\u0131ld\u0131.<br \/><\/p>\n","protected":false},"excerpt":{"rendered":"<p>Mu\u011fla\u2019n\u0131n Dat\u00e7a il\u00e7esi a\u00e7\u0131klar\u0131nda, yelkenli tekne ile yasa d\u0131\u015f\u0131 yollardan ka\u00e7\u0131\u015f haz\u0131rl\u0131\u011f\u0131nda olan d\u00fczensiz g\u00f6\u00e7menlerin teknesi motor ar\u0131zas\u0131 sorsa s\u00fcr\u00fcklenmeye ba\u015flay\u0131nca yard\u0131m talebinde bulundular. Dat\u00e7a il\u00e7esi a\u00e7\u0131klar\u0131nda i\u00e7erisinde d\u00fczensiz g\u00f6\u00e7menlerin oldu\u011fu yelkenli teknenin motor ar\u0131zas\u0131 nedeniyle s\u00fcr\u00fcklendi\u011fi ve yard\u0131m talebinde bulunuldu\u011fu bilgisinin al\u0131nmas\u0131 \u00fczerine g\u00f6revlendirilen Sahil G\u00fcvenlik Botlar\u0131 taraf\u0131ndan \u0130talya rotas\u0131 \u00fczerinde bulunan yelkenli tekne&#8230;<\/p>\n","protected":false},"author":1,"featured_media":52422,"comment_status":"open","ping_status":"open","sticky":false,"template":"","format":"standard","meta":{"_crdt_document":"","footnotes":""},"categories":[5],"tags":[],"class_list":["post-52421","post","type-post","status-publish","format-standard","has-post-thumbnail","hentry","category-asayis"],"_links":{"self":[{"href":"https:\/\/www.egemtv.com\/index.php?rest_route=\/wp\/v2\/posts\/52421","targetHints":{"allow":["GET"]}}],"collection":[{"href":"https:\/\/www.egemtv.com\/index.php?rest_route=\/wp\/v2\/posts"}],"about":[{"href":"https:\/\/www.egemtv.com\/index.php?rest_route=\/wp\/v2\/types\/post"}],"author":[{"embeddable":true,"href":"https:\/\/www.egemtv.com\/index.php?rest_route=\/wp\/v2\/users\/1"}],"replies":[{"embeddable":true,"href":"https:\/\/www.egemtv.com\/index.php?rest_route=%2Fwp%2Fv2%2Fcomments&post=52421"}],"version-history":[{"count":1,"href":"https:\/\/www.egemtv.com\/index.php?rest_route=\/wp\/v2\/posts\/52421\/revisions"}],"predecessor-version":[{"id":52423,"href":"https:\/\/www.egemtv.com\/index.php?rest_route=\/wp\/v2\/posts\/52421\/revisions\/52423"}],"wp:featuredmedia":[{"embeddable":true,"href":"https:\/\/www.egemtv.com\/index.php?rest_route=\/wp\/v2\/media\/52422"}],"wp:attachment":[{"href":"https:\/\/www.egemtv.com\/index.php?rest_route=%2Fwp%2Fv2%2Fmedia&parent=52421"}],"wp:term":[{"taxonomy":"category","embeddable":true,"href":"https:\/\/www.egemtv.com\/index.php?rest_route=%2Fwp%2Fv2%2Fcategories&post=52421"},{"taxonomy":"post_tag","embeddable":true,"href":"https:\/\/www.egemtv.com\/index.php?rest_route=%2Fwp%2Fv2%2Ftags&post=52421"}],"curies":[{"name":"wp","href":"https:\/\/api.w.org\/{rel}","templated":true}]}}