{"id":52418,"date":"2025-08-31T11:54:59","date_gmt":"2025-08-31T08:54:59","guid":{"rendered":"https:\/\/www.egemtv.com\/?p=52418"},"modified":"2025-08-31T11:55:00","modified_gmt":"2025-08-31T08:55:00","slug":"veliler-ve-ogretmenler-el-ele-verdi-okul-guzellesti","status":"publish","type":"post","link":"https:\/\/www.egemtv.com\/?p=52418","title":{"rendered":"Veliler ve \u00f6\u011fretmenler el ele verdi okul g\u00fczelle\u015fti"},"content":{"rendered":"<p>Manisa\u2019n\u0131n Yunusemre il\u00e7esindeki Halil Yurtseven \u0130lkokulu, okul y\u00f6netimi, \u00f6\u011fretmenler, veliler ve g\u00f6n\u00fcll\u00fclerin el ele vererek y\u00fcr\u00fctt\u00fc\u011f\u00fc \u00e7al\u0131\u015fmalarla ba\u015ftan sona yenilendi. Okul, yeni e\u011fitim \u00f6\u011fretim y\u0131l\u0131na haz\u0131r hale getirildi.<br \/>\n<br \/>Yaz tatili boyunca s\u00fcren \u00e7al\u0131\u015fmalar kapsam\u0131nda okulun i\u00e7 ve d\u0131\u015f cepheleri boyand\u0131, \u00e7e\u015fitli onar\u0131mlar yap\u0131ld\u0131. E\u011fitim camias\u0131 i\u00e7inde \u00f6rnek bir dayan\u0131\u015fmaya imza atan i\u015f birli\u011fi, hem okulun fiziksel \u015fartlar\u0131n\u0131 iyile\u015ftirdi hem de okul toplulu\u011fu aras\u0131ndaki ba\u011f\u0131 g\u00fc\u00e7lendirdi.<br \/>\n<br \/>Halil Yurtseven \u0130lkokulu M\u00fcd\u00fcr\u00fc Re\u015fat Aky\u00fcz, okulun yeni d\u00f6neme b\u00fcy\u00fck bir heyecanla haz\u0131rland\u0131\u011f\u0131n\u0131 belirterek, &#8220;Halil Yurtseven \u0130lkokulu olarak velilerimiz, \u00f6\u011fretmenlerimiz, \u00f6\u011frencilerimiz ve m\u00fcd\u00fcr yard\u0131mc\u0131lar\u0131m\u0131z Zinnur Dokumac\u0131 ile Musa Oflu\u2019nun \u00f6zverili \u00e7al\u0131\u015fmalar\u0131yla yeni y\u0131la haz\u0131rland\u0131k. \u00d6\u011fretmenlerimiz s\u0131n\u0131flar\u0131n\u0131 haz\u0131rlarken e\u015fleri dahi destek oldu. Ayr\u0131ca, merhum hay\u0131rseverimiz Halil Yurtseven\u2019in torunu Halil Yurtseven de ana s\u0131n\u0131f etkinlik alan\u0131m\u0131z\u0131n yap\u0131lmas\u0131na katk\u0131 sundu. Destek veren herkese te\u015fekk\u00fcr ediyoruz. Her \u015fey \u00f6\u011frencilerimiz i\u00e7in. Onlar\u0131 co\u015fku ve heyecanla bekliyoruz&#8221; dedi.<br \/><\/p>\n","protected":false},"excerpt":{"rendered":"<p>Manisa\u2019n\u0131n Yunusemre il\u00e7esindeki Halil Yurtseven \u0130lkokulu, okul y\u00f6netimi, \u00f6\u011fretmenler, veliler ve g\u00f6n\u00fcll\u00fclerin el ele vererek y\u00fcr\u00fctt\u00fc\u011f\u00fc \u00e7al\u0131\u015fmalarla ba\u015ftan sona yenilendi. Okul, yeni e\u011fitim \u00f6\u011fretim y\u0131l\u0131na haz\u0131r hale getirildi. Yaz tatili boyunca s\u00fcren \u00e7al\u0131\u015fmalar kapsam\u0131nda okulun i\u00e7 ve d\u0131\u015f cepheleri boyand\u0131, \u00e7e\u015fitli onar\u0131mlar yap\u0131ld\u0131. E\u011fitim camias\u0131 i\u00e7inde \u00f6rnek bir dayan\u0131\u015fmaya imza atan i\u015f birli\u011fi, hem okulun&#8230;<\/p>\n","protected":false},"author":1,"featured_media":52419,"comment_status":"open","ping_status":"open","sticky":false,"template":"","format":"standard","meta":{"_crdt_document":"","footnotes":""},"categories":[1],"tags":[],"class_list":["post-52418","post","type-post","status-publish","format-standard","has-post-thumbnail","hentry","category-guncel"],"_links":{"self":[{"href":"https:\/\/www.egemtv.com\/index.php?rest_route=\/wp\/v2\/posts\/52418","targetHints":{"allow":["GET"]}}],"collection":[{"href":"https:\/\/www.egemtv.com\/index.php?rest_route=\/wp\/v2\/posts"}],"about":[{"href":"https:\/\/www.egemtv.com\/index.php?rest_route=\/wp\/v2\/types\/post"}],"author":[{"embeddable":true,"href":"https:\/\/www.egemtv.com\/index.php?rest_route=\/wp\/v2\/users\/1"}],"replies":[{"embeddable":true,"href":"https:\/\/www.egemtv.com\/index.php?rest_route=%2Fwp%2Fv2%2Fcomments&post=52418"}],"version-history":[{"count":1,"href":"https:\/\/www.egemtv.com\/index.php?rest_route=\/wp\/v2\/posts\/52418\/revisions"}],"predecessor-version":[{"id":52420,"href":"https:\/\/www.egemtv.com\/index.php?rest_route=\/wp\/v2\/posts\/52418\/revisions\/52420"}],"wp:featuredmedia":[{"embeddable":true,"href":"https:\/\/www.egemtv.com\/index.php?rest_route=\/wp\/v2\/media\/52419"}],"wp:attachment":[{"href":"https:\/\/www.egemtv.com\/index.php?rest_route=%2Fwp%2Fv2%2Fmedia&parent=52418"}],"wp:term":[{"taxonomy":"category","embeddable":true,"href":"https:\/\/www.egemtv.com\/index.php?rest_route=%2Fwp%2Fv2%2Fcategories&post=52418"},{"taxonomy":"post_tag","embeddable":true,"href":"https:\/\/www.egemtv.com\/index.php?rest_route=%2Fwp%2Fv2%2Ftags&post=52418"}],"curies":[{"name":"wp","href":"https:\/\/api.w.org\/{rel}","templated":true}]}}