{"id":52415,"date":"2025-08-31T11:36:06","date_gmt":"2025-08-31T08:36:06","guid":{"rendered":"https:\/\/www.egemtv.com\/?p=52415"},"modified":"2025-08-31T11:36:06","modified_gmt":"2025-08-31T08:36:06","slug":"sultanhisarda-30-agustos-kortej-yuruyusu","status":"publish","type":"post","link":"https:\/\/www.egemtv.com\/?p=52415","title":{"rendered":"Sultanhisar\u2019da 30 A\u011fustos kortej y\u00fcr\u00fcy\u00fc\u015f\u00fc"},"content":{"rendered":"<p>Ayd\u0131n\u2019\u0131n Sultanhisar il\u00e7esinde 30 A\u011fustos Zafer Bayram\u0131 kutlamalar\u0131 kapsam\u0131nda d\u00fczenlenen kortej y\u00fcr\u00fcy\u00fc\u015f\u00fc, yo\u011fun kat\u0131l\u0131mla co\u015fkulu bir \u015fekilde ger\u00e7ekle\u015ftirildi.<\/p>\n<p>Sultanhisar Kaymakam\u0131 Ali Ekber Ate\u015f, Belediye Ba\u015fkan Yard\u0131mc\u0131s\u0131 Okan Yal\u00e7\u0131nkaya, il\u00e7e kurum amirleri, siyasi parti temsilcileri ve vatanda\u015flar\u0131n kat\u0131ld\u0131\u011f\u0131 y\u00fcr\u00fcy\u00fc\u015fte ellerinde T\u00fcrk bayraklar\u0131yla caddeyi dolduran kalabal\u0131k, milli birlik ve beraberlik mesaj\u0131 verdi. Renkli g\u00f6r\u00fcnt\u00fclere sahne olan y\u00fcr\u00fcy\u00fc\u015f boyunca mar\u015flar s\u00f6ylenirken, vatanda\u015flar 30 A\u011fustos Zaferi\u2019nin 103. y\u0131l d\u00f6n\u00fcm\u00fcn\u00fc co\u015fku i\u00e7inde kutlad\u0131.<br \/><\/p>\n","protected":false},"excerpt":{"rendered":"<p>Ayd\u0131n\u2019\u0131n Sultanhisar il\u00e7esinde 30 A\u011fustos Zafer Bayram\u0131 kutlamalar\u0131 kapsam\u0131nda d\u00fczenlenen kortej y\u00fcr\u00fcy\u00fc\u015f\u00fc, yo\u011fun kat\u0131l\u0131mla co\u015fkulu bir \u015fekilde ger\u00e7ekle\u015ftirildi. Sultanhisar Kaymakam\u0131 Ali Ekber Ate\u015f, Belediye Ba\u015fkan Yard\u0131mc\u0131s\u0131 Okan Yal\u00e7\u0131nkaya, il\u00e7e kurum amirleri, siyasi parti temsilcileri ve vatanda\u015flar\u0131n kat\u0131ld\u0131\u011f\u0131 y\u00fcr\u00fcy\u00fc\u015fte ellerinde T\u00fcrk bayraklar\u0131yla caddeyi dolduran kalabal\u0131k, milli birlik ve beraberlik mesaj\u0131 verdi. Renkli g\u00f6r\u00fcnt\u00fclere sahne olan y\u00fcr\u00fcy\u00fc\u015f&#8230;<\/p>\n","protected":false},"author":1,"featured_media":52416,"comment_status":"open","ping_status":"open","sticky":false,"template":"","format":"standard","meta":{"_crdt_document":"","footnotes":""},"categories":[1],"tags":[],"class_list":["post-52415","post","type-post","status-publish","format-standard","has-post-thumbnail","hentry","category-guncel"],"_links":{"self":[{"href":"https:\/\/www.egemtv.com\/index.php?rest_route=\/wp\/v2\/posts\/52415","targetHints":{"allow":["GET"]}}],"collection":[{"href":"https:\/\/www.egemtv.com\/index.php?rest_route=\/wp\/v2\/posts"}],"about":[{"href":"https:\/\/www.egemtv.com\/index.php?rest_route=\/wp\/v2\/types\/post"}],"author":[{"embeddable":true,"href":"https:\/\/www.egemtv.com\/index.php?rest_route=\/wp\/v2\/users\/1"}],"replies":[{"embeddable":true,"href":"https:\/\/www.egemtv.com\/index.php?rest_route=%2Fwp%2Fv2%2Fcomments&post=52415"}],"version-history":[{"count":1,"href":"https:\/\/www.egemtv.com\/index.php?rest_route=\/wp\/v2\/posts\/52415\/revisions"}],"predecessor-version":[{"id":52417,"href":"https:\/\/www.egemtv.com\/index.php?rest_route=\/wp\/v2\/posts\/52415\/revisions\/52417"}],"wp:featuredmedia":[{"embeddable":true,"href":"https:\/\/www.egemtv.com\/index.php?rest_route=\/wp\/v2\/media\/52416"}],"wp:attachment":[{"href":"https:\/\/www.egemtv.com\/index.php?rest_route=%2Fwp%2Fv2%2Fmedia&parent=52415"}],"wp:term":[{"taxonomy":"category","embeddable":true,"href":"https:\/\/www.egemtv.com\/index.php?rest_route=%2Fwp%2Fv2%2Fcategories&post=52415"},{"taxonomy":"post_tag","embeddable":true,"href":"https:\/\/www.egemtv.com\/index.php?rest_route=%2Fwp%2Fv2%2Ftags&post=52415"}],"curies":[{"name":"wp","href":"https:\/\/api.w.org\/{rel}","templated":true}]}}