{"id":52409,"date":"2025-08-31T11:14:47","date_gmt":"2025-08-31T08:14:47","guid":{"rendered":"https:\/\/www.egemtv.com\/?p=52409"},"modified":"2025-08-31T11:14:48","modified_gmt":"2025-08-31T08:14:48","slug":"asiri-tuketim-kadar-ani-dalgalanmalar-da-tehlike-olusturuyor","status":"publish","type":"post","link":"https:\/\/www.egemtv.com\/?p=52409","title":{"rendered":"A\u015f\u0131r\u0131 t\u00fcketim kadar ani dalgalanmalar da tehlike olu\u015fturuyor"},"content":{"rendered":"<p>Ya\u015far \u00dcniversitesi M\u00fchendislik Fak\u00fcltesi Enerji Sistemleri M\u00fchendisli\u011fi B\u00f6l\u00fcm\u00fc Dr. \u00d6\u011fretim \u00dcyesi Emin Selahattin Umdu, T\u00fcrkiye\u2019nin \u00fcretim kapasitesinin artan elektrik talebini kar\u015f\u0131layabilecek durumda oldu\u011funu ancak as\u0131l sorunun altyap\u0131 eksikli\u011fi ve enerji kalitesi oldu\u011funu vurgulad\u0131.<br \/>\n<br \/>Ya\u015far \u00dcniversitesi M\u00fchendislik Fak\u00fcltesi Enerji Sistemleri M\u00fchendisli\u011fi B\u00f6l\u00fcm\u00fc Dr. \u00d6\u011fretim \u00dcyesi Emin Selahattin Umdu, T\u00fcrkiye\u2019nin elektrikteki altyap\u0131 ve enerji kalitesi hakk\u0131nda \u00f6nemli a\u00e7\u0131klamalarda bulundu. Talep art\u0131yor, altyap\u0131 yetersiz kal\u0131yor diyen Dr. \u00d6\u011fretim \u00dcyesi Emin Selahattin Umdu, Avrupa Birli\u011fi\u2019nin bu konuda yapt\u0131\u011f\u0131 b\u00fcy\u00fck yat\u0131r\u0131mlara dikkat \u00e7ekerek T\u00fcrkiye\u2019nin de \u015febeke sistemini g\u00fc\u00e7lendirmesi gerekti\u011fini s\u00f6yledi. T\u00fcrkiye\u2019nin elektrik \u00fcretim kapasitesinin, artan talebi k\u0131sa vadede kar\u015f\u0131layabilecek d\u00fczeyde oldu\u011funu \u00f6ne s\u00fcren Dr. Umdu \u015funlar\u0131 s\u00f6yledi:<br \/>\n<br \/>&#8220;As\u0131l sorun \u00fcretim de\u011fil, da\u011f\u0131t\u0131m altyap\u0131s\u0131 ve enerji kalitesi. Mevcut \u015febeke sistemi bu yo\u011funlu\u011fu kald\u0131ram\u0131yor. Trafo kapasitelerinin art\u0131r\u0131lmas\u0131, ak\u0131ll\u0131 \u015febeke teknolojilerine ge\u00e7i\u015f ve enerji depolama tesislerinin yayg\u0131nla\u015ft\u0131r\u0131lmas\u0131 gerekiyor. \u00d6zellikle elektrikli ara\u00e7lar\u0131n yayg\u0131nla\u015fmas\u0131, bireysel \u015farj istasyonlar\u0131n\u0131n art\u0131\u015f\u0131 ve sanayi alan\u0131ndaki y\u00fcksek t\u00fcketim talepleri, \u015febekeye olan y\u00fck\u00fc her ge\u00e7en g\u00fcn daha da art\u0131r\u0131yor. Bu noktada klasik altyap\u0131n\u0131n yeterli olamaz. Sistemin esnek ve anl\u0131k kontrol edilebilir hale gelmesinin zorunlu.&#8221;<\/p>\n<p>&#8220;Esnek ve ak\u0131ll\u0131 altyap\u0131&#8221;<br \/>\n<br \/>Ya\u015far \u00dcniversitesi Enerji Sistemleri M\u00fchendisli\u011fi B\u00f6l\u00fcm\u00fc\u2019nden Dr. \u00d6\u011fretim \u00dcyesi Umdu, enerji \u00fcretiminin de\u011fil, enerjiyi g\u00fcvenli ve kaliteli \u015fekilde ula\u015ft\u0131rman\u0131n art\u0131k \u00f6ncelikli konu oldu\u011funu vurgulayarak \u015funlar\u0131 s\u00f6yledi:<br \/>\n<br \/>&#8220;Kullan\u0131c\u0131 \u00fcr\u00fcnleri \u00e7ok h\u0131zl\u0131 geli\u015fiyor. Ancak altyap\u0131 yenilemeleri bu h\u0131z\u0131n gerisinde kal\u0131yor. D\u00fcnyan\u0131n t\u00fcm \u00fclkeleri i\u00e7in bu, \u00f6ncelikli ve ortak bir sorun. \u0130leriye d\u00f6n\u00fck s\u00fcrd\u00fcr\u00fclebilir bir enerji politikas\u0131 i\u00e7in sadece \u00fcretim kapasitesine de\u011fil, g\u00fc\u00e7l\u00fc, esnek ve ak\u0131ll\u0131 altyap\u0131lara da yat\u0131r\u0131m yap\u0131lmas\u0131n\u0131n zorunlu oldu\u011fu bir kez daha g\u00f6zler \u00f6n\u00fcne seriliyor.&#8221;<\/p>\n<p>&#8220;Avrupa\u2019da altyap\u0131ya milyarlarca Euro yat\u0131r\u0131m&#8221;<br \/>\n<br \/>Dr. \u00d6\u011fretim \u00dcyesi Umdu, geli\u015fmi\u015f \u00fclkelerin enerji politikalar\u0131n\u0131n temelinde yer alan Enerji \u00dc\u00e7lemesi (Energy Trilemma) kavram\u0131na dikkat \u00e7ekerek, &#8220;Geli\u015fmi\u015f \u00fclkeler; enerji g\u00fcvenli\u011fi, enerjiye e\u015fit eri\u015fim ve \u00e7evresel s\u00fcrd\u00fcr\u00fclebilirlik ilkeleri do\u011frultusunda hareket ediyor&#8221; dedi.<br \/>\n<br \/>Avrupa Birli\u011fi\u2019nin 2040 y\u0131l\u0131na kadar planlad\u0131\u011f\u0131 yat\u0131r\u0131mlara dikkat \u00e7eken Dr. Umdu \u015f\u00f6yle devam etti:<br \/>\n<br \/>&#8220;Avrupa Birli\u011fi\u2019nin yat\u0131r\u0131m planlar\u0131na de\u011finecek olursak; Elektrik da\u011f\u0131t\u0131m\u0131na 730 milyar Euro, elektrik iletim \u015febekelerine 477 milyar Euro yat\u0131r\u0131m plan\u0131 mevcut. Bu miktar\u0131n 130 milyar Euro\u2019su, s\u0131n\u0131r \u00f6tesi projelerle AB genelinde elektrik piyasas\u0131 entegrasyonunu geli\u015ftirmeye ayr\u0131ld\u0131. A\u00e7\u0131k deniz r\u00fczg\u00e2r \u00e7iftliklerini karaya ba\u011flayacak altyap\u0131lar i\u00e7in 51 milyar Euro yat\u0131r\u0131m gerekiyor. Ak\u0131ll\u0131 \u015febekeler ve saya\u00e7 sistemleri, verimlilik art\u0131\u015f\u0131 ve sistem kay\u0131plar\u0131n\u0131n azalt\u0131lmas\u0131 i\u00e7in AB g\u00fcndeminde \u00f6nemli bir yer tutuyor. REPowerEU Plan\u0131 ile 300 milyar Euro ek fon ayr\u0131ld\u0131. Yenilenebilir kaynaklarda kapasite rekor seviyelere ula\u015ft\u0131: 338 GW g\u00fcne\u015f enerjisi, 234 GW r\u00fczg\u00e2r kapasitesi. Bug\u00fcn AB\u2019de elektri\u011fin y\u00fczde 47\u2019sinden fazlas\u0131 yenilenebilir kaynaklardan sa\u011flan\u0131yor. Bizlerin de bu \u00f6l\u00e7ekte olmasa bile \u00fclkemiz i\u00e7in \u00f6ncelikli alanlarda alt yap\u0131 yat\u0131r\u0131mlar\u0131m\u0131z\u0131 artt\u0131rmam\u0131z gerekiyor.&#8221;<br \/><\/p>\n","protected":false},"excerpt":{"rendered":"<p>Ya\u015far \u00dcniversitesi M\u00fchendislik Fak\u00fcltesi Enerji Sistemleri M\u00fchendisli\u011fi B\u00f6l\u00fcm\u00fc Dr. \u00d6\u011fretim \u00dcyesi Emin Selahattin Umdu, T\u00fcrkiye\u2019nin \u00fcretim kapasitesinin artan elektrik talebini kar\u015f\u0131layabilecek durumda oldu\u011funu ancak as\u0131l sorunun altyap\u0131 eksikli\u011fi ve enerji kalitesi oldu\u011funu vurgulad\u0131. Ya\u015far \u00dcniversitesi M\u00fchendislik Fak\u00fcltesi Enerji Sistemleri M\u00fchendisli\u011fi B\u00f6l\u00fcm\u00fc Dr. \u00d6\u011fretim \u00dcyesi Emin Selahattin Umdu, T\u00fcrkiye\u2019nin elektrikteki altyap\u0131 ve enerji kalitesi hakk\u0131nda \u00f6nemli&#8230;<\/p>\n","protected":false},"author":1,"featured_media":52410,"comment_status":"open","ping_status":"open","sticky":false,"template":"","format":"standard","meta":{"_crdt_document":"","footnotes":""},"categories":[1],"tags":[],"class_list":["post-52409","post","type-post","status-publish","format-standard","has-post-thumbnail","hentry","category-guncel"],"_links":{"self":[{"href":"https:\/\/www.egemtv.com\/index.php?rest_route=\/wp\/v2\/posts\/52409","targetHints":{"allow":["GET"]}}],"collection":[{"href":"https:\/\/www.egemtv.com\/index.php?rest_route=\/wp\/v2\/posts"}],"about":[{"href":"https:\/\/www.egemtv.com\/index.php?rest_route=\/wp\/v2\/types\/post"}],"author":[{"embeddable":true,"href":"https:\/\/www.egemtv.com\/index.php?rest_route=\/wp\/v2\/users\/1"}],"replies":[{"embeddable":true,"href":"https:\/\/www.egemtv.com\/index.php?rest_route=%2Fwp%2Fv2%2Fcomments&post=52409"}],"version-history":[{"count":1,"href":"https:\/\/www.egemtv.com\/index.php?rest_route=\/wp\/v2\/posts\/52409\/revisions"}],"predecessor-version":[{"id":52411,"href":"https:\/\/www.egemtv.com\/index.php?rest_route=\/wp\/v2\/posts\/52409\/revisions\/52411"}],"wp:featuredmedia":[{"embeddable":true,"href":"https:\/\/www.egemtv.com\/index.php?rest_route=\/wp\/v2\/media\/52410"}],"wp:attachment":[{"href":"https:\/\/www.egemtv.com\/index.php?rest_route=%2Fwp%2Fv2%2Fmedia&parent=52409"}],"wp:term":[{"taxonomy":"category","embeddable":true,"href":"https:\/\/www.egemtv.com\/index.php?rest_route=%2Fwp%2Fv2%2Fcategories&post=52409"},{"taxonomy":"post_tag","embeddable":true,"href":"https:\/\/www.egemtv.com\/index.php?rest_route=%2Fwp%2Fv2%2Ftags&post=52409"}],"curies":[{"name":"wp","href":"https:\/\/api.w.org\/{rel}","templated":true}]}}