{"id":52406,"date":"2025-08-31T11:14:46","date_gmt":"2025-08-31T08:14:46","guid":{"rendered":"https:\/\/www.egemtv.com\/?p=52406"},"modified":"2025-08-31T11:14:47","modified_gmt":"2025-08-31T08:14:47","slug":"aydinda-su-urunleri-av-sezonu-torenle-acilacak","status":"publish","type":"post","link":"https:\/\/www.egemtv.com\/?p=52406","title":{"rendered":"Ayd\u0131n\u2019da su \u00fcr\u00fcnleri av sezonu t\u00f6renle a\u00e7\u0131lacak"},"content":{"rendered":"<p>Ayd\u0131n\u2019da 2025-2026 su \u00fcr\u00fcnleri av sezonu, Ku\u015fadas\u0131 Bal\u0131k\u00e7\u0131 Bar\u0131na\u011f\u0131\u2019nda d\u00fczenlenecek t\u00f6renle a\u00e7\u0131lacak.<\/p>\n<p>Ayd\u0131n\u2019da 2025-2026 su \u00fcr\u00fcnleri av sezonu a\u00e7\u0131l\u0131\u015f t\u00f6reni Tar\u0131m ve Orman \u0130l M\u00fcd\u00fcr\u00fc Ayhan Temiz\u2019in de kat\u0131l\u0131m\u0131yla 31 A\u011fustos Pazar g\u00fcn\u00fc saat 18.00\u2019de ger\u00e7ekle\u015ftirilecek. Tar\u0131m ve Orman \u0130l M\u00fcd\u00fcrl\u00fc\u011f\u00fc\u2019nden yap\u0131lan a\u00e7\u0131klamada yeni av sezonunun bal\u0131k\u00e7\u0131lar ve sekt\u00f6r payda\u015flar\u0131 i\u00e7in hay\u0131rl\u0131 ve bereketli olmas\u0131n\u0131n temennisinde bulunuldu. Ayd\u0131n\u2019da denizlerde av yasa\u011f\u0131n\u0131n sona ermesiyle birlikte bal\u0131k\u00e7\u0131lar, 2025-2026 sezonu i\u00e7in &#8220;vira bismillah&#8221; diyerek a\u011flar\u0131n\u0131 denize b\u0131rakacak.<br \/><\/p>\n","protected":false},"excerpt":{"rendered":"<p>Ayd\u0131n\u2019da 2025-2026 su \u00fcr\u00fcnleri av sezonu, Ku\u015fadas\u0131 Bal\u0131k\u00e7\u0131 Bar\u0131na\u011f\u0131\u2019nda d\u00fczenlenecek t\u00f6renle a\u00e7\u0131lacak. Ayd\u0131n\u2019da 2025-2026 su \u00fcr\u00fcnleri av sezonu a\u00e7\u0131l\u0131\u015f t\u00f6reni Tar\u0131m ve Orman \u0130l M\u00fcd\u00fcr\u00fc Ayhan Temiz\u2019in de kat\u0131l\u0131m\u0131yla 31 A\u011fustos Pazar g\u00fcn\u00fc saat 18.00\u2019de ger\u00e7ekle\u015ftirilecek. Tar\u0131m ve Orman \u0130l M\u00fcd\u00fcrl\u00fc\u011f\u00fc\u2019nden yap\u0131lan a\u00e7\u0131klamada yeni av sezonunun bal\u0131k\u00e7\u0131lar ve sekt\u00f6r payda\u015flar\u0131 i\u00e7in hay\u0131rl\u0131 ve bereketli olmas\u0131n\u0131n&#8230;<\/p>\n","protected":false},"author":1,"featured_media":52407,"comment_status":"open","ping_status":"open","sticky":false,"template":"","format":"standard","meta":{"_crdt_document":"","footnotes":""},"categories":[1],"tags":[],"class_list":["post-52406","post","type-post","status-publish","format-standard","has-post-thumbnail","hentry","category-guncel"],"_links":{"self":[{"href":"https:\/\/www.egemtv.com\/index.php?rest_route=\/wp\/v2\/posts\/52406","targetHints":{"allow":["GET"]}}],"collection":[{"href":"https:\/\/www.egemtv.com\/index.php?rest_route=\/wp\/v2\/posts"}],"about":[{"href":"https:\/\/www.egemtv.com\/index.php?rest_route=\/wp\/v2\/types\/post"}],"author":[{"embeddable":true,"href":"https:\/\/www.egemtv.com\/index.php?rest_route=\/wp\/v2\/users\/1"}],"replies":[{"embeddable":true,"href":"https:\/\/www.egemtv.com\/index.php?rest_route=%2Fwp%2Fv2%2Fcomments&post=52406"}],"version-history":[{"count":1,"href":"https:\/\/www.egemtv.com\/index.php?rest_route=\/wp\/v2\/posts\/52406\/revisions"}],"predecessor-version":[{"id":52408,"href":"https:\/\/www.egemtv.com\/index.php?rest_route=\/wp\/v2\/posts\/52406\/revisions\/52408"}],"wp:featuredmedia":[{"embeddable":true,"href":"https:\/\/www.egemtv.com\/index.php?rest_route=\/wp\/v2\/media\/52407"}],"wp:attachment":[{"href":"https:\/\/www.egemtv.com\/index.php?rest_route=%2Fwp%2Fv2%2Fmedia&parent=52406"}],"wp:term":[{"taxonomy":"category","embeddable":true,"href":"https:\/\/www.egemtv.com\/index.php?rest_route=%2Fwp%2Fv2%2Fcategories&post=52406"},{"taxonomy":"post_tag","embeddable":true,"href":"https:\/\/www.egemtv.com\/index.php?rest_route=%2Fwp%2Fv2%2Ftags&post=52406"}],"curies":[{"name":"wp","href":"https:\/\/api.w.org\/{rel}","templated":true}]}}