{"id":52403,"date":"2025-08-31T10:54:41","date_gmt":"2025-08-31T07:54:41","guid":{"rendered":"https:\/\/www.egemtv.com\/?p=52403"},"modified":"2025-08-31T10:54:42","modified_gmt":"2025-08-31T07:54:42","slug":"kusadasinda-sene-basi-mudurler-kurulu-toplantisi-yapildi","status":"publish","type":"post","link":"https:\/\/www.egemtv.com\/?p=52403","title":{"rendered":"Ku\u015fadas\u0131\u2019nda sene ba\u015f\u0131 m\u00fcd\u00fcrler kurulu toplant\u0131s\u0131 yap\u0131ld\u0131"},"content":{"rendered":"<p>Ku\u015fadas\u0131 \u0130l\u00e7e Milli E\u011fitim M\u00fcd\u00fcrl\u00fc\u011f\u00fc taraf\u0131ndan 2025-2026 e\u011fitim \u00f6\u011fretim y\u0131l\u0131 haz\u0131rl\u0131klar\u0131 kapsam\u0131nda \u2019Sene Ba\u015f\u0131 M\u00fcd\u00fcrler Kurulu Toplant\u0131s\u0131\u2019 ger\u00e7ekle\u015ftirildi.<\/p>\n<p>Ku\u015fadas\u0131 \u00d6\u011fretmenevi Konferans Salonu\u2019nda d\u00fczenlenen toplant\u0131ya \u0130l\u00e7e Milli E\u011fitim M\u00fcd\u00fcr\u00fc \u0130brahim Ataman ba\u015fkanl\u0131k etti. \u0130l\u00e7ede g\u00f6rev yapan okul m\u00fcd\u00fcrlerinin kat\u0131ld\u0131\u011f\u0131 toplant\u0131da yeni d\u00f6neme ili\u015fkin hedefler, planlamalar ve al\u0131nacak tedbirler ele al\u0131nd\u0131. A\u00e7\u0131l\u0131\u015f konu\u015fmas\u0131nda T\u00fcrkiye Y\u00fczy\u0131l\u0131 Maarif Modeli\u2019nin \u00f6nemine de\u011finen \u0130l\u00e7e Milli E\u011fitim M\u00fcd\u00fcr\u00fc \u0130brahim Ataman, modelin yaln\u0131zca akademik ba\u015far\u0131ya de\u011fil; milli, manevi ve k\u00fclt\u00fcrel de\u011ferlerin g\u00fc\u00e7lendirilmesine de katk\u0131 sa\u011flayaca\u011f\u0131n\u0131 ifade ederek, &#8220;Maarif modelinin hedefleri do\u011frultusunda okullar\u0131m\u0131z\u0131 gelece\u011fe haz\u0131rlamak en temel g\u00f6revimizdir&#8221; dedi.<\/p>\n<p>Toplant\u0131da \u0130l\u00e7e Milli E\u011fitim \u015eube M\u00fcd\u00fcrleri de kendi alanlar\u0131na ili\u015fkin sunumlar yapt\u0131. \u015eube M\u00fcd\u00fcr\u00fc Hanifi \u00c7elik e\u011fitim-\u00f6\u011fretim ve atama s\u00fcre\u00e7leri hakk\u0131nda bilgilendirme yaparken, \u015eube M\u00fcd\u00fcr\u00fc Harun \u00c7inici destek hizmetleri, sat\u0131n alma, kitap temini ve okullar\u0131n fiziki \u00e7al\u0131\u015fmalar\u0131yla ilgili bilgiler aktard\u0131.<\/p>\n<p>Toplant\u0131da ayr\u0131ca; 2025-2026 e\u011fitim \u00f6\u011fretim y\u0131l\u0131 haz\u0131rl\u0131klar\u0131, okullar\u0131n fiziki ve akademik altyap\u0131s\u0131n\u0131n g\u00fc\u00e7lendirilmesi, \u00f6\u011frenci g\u00fcvenli\u011fi, rehberlik ve psikososyal destek hizmetleri, sosyal-k\u00fclt\u00fcrel ve sportif faaliyetlerin art\u0131r\u0131lmas\u0131, e\u011fitimde dijitalle\u015fme ile teknolojinin etkin kullan\u0131m\u0131 ve Bakanl\u0131\u011f\u0131n \u00f6ncelikli projelerinin yerelde uygulanmas\u0131 gibi ba\u015fl\u0131klar g\u00f6r\u00fc\u015f\u00fcld\u00fc.<\/p>\n<p>Toplant\u0131, g\u00f6r\u00fc\u015f ve \u00f6nerilerin de\u011ferlendirilmesinin ard\u0131ndan sona erdi.<br \/><\/p>\n","protected":false},"excerpt":{"rendered":"<p>Ku\u015fadas\u0131 \u0130l\u00e7e Milli E\u011fitim M\u00fcd\u00fcrl\u00fc\u011f\u00fc taraf\u0131ndan 2025-2026 e\u011fitim \u00f6\u011fretim y\u0131l\u0131 haz\u0131rl\u0131klar\u0131 kapsam\u0131nda \u2019Sene Ba\u015f\u0131 M\u00fcd\u00fcrler Kurulu Toplant\u0131s\u0131\u2019 ger\u00e7ekle\u015ftirildi. Ku\u015fadas\u0131 \u00d6\u011fretmenevi Konferans Salonu\u2019nda d\u00fczenlenen toplant\u0131ya \u0130l\u00e7e Milli E\u011fitim M\u00fcd\u00fcr\u00fc \u0130brahim Ataman ba\u015fkanl\u0131k etti. \u0130l\u00e7ede g\u00f6rev yapan okul m\u00fcd\u00fcrlerinin kat\u0131ld\u0131\u011f\u0131 toplant\u0131da yeni d\u00f6neme ili\u015fkin hedefler, planlamalar ve al\u0131nacak tedbirler ele al\u0131nd\u0131. A\u00e7\u0131l\u0131\u015f konu\u015fmas\u0131nda T\u00fcrkiye Y\u00fczy\u0131l\u0131 Maarif Modeli\u2019nin&#8230;<\/p>\n","protected":false},"author":1,"featured_media":52404,"comment_status":"open","ping_status":"open","sticky":false,"template":"","format":"standard","meta":{"_crdt_document":"","footnotes":""},"categories":[1],"tags":[],"class_list":["post-52403","post","type-post","status-publish","format-standard","has-post-thumbnail","hentry","category-guncel"],"_links":{"self":[{"href":"https:\/\/www.egemtv.com\/index.php?rest_route=\/wp\/v2\/posts\/52403","targetHints":{"allow":["GET"]}}],"collection":[{"href":"https:\/\/www.egemtv.com\/index.php?rest_route=\/wp\/v2\/posts"}],"about":[{"href":"https:\/\/www.egemtv.com\/index.php?rest_route=\/wp\/v2\/types\/post"}],"author":[{"embeddable":true,"href":"https:\/\/www.egemtv.com\/index.php?rest_route=\/wp\/v2\/users\/1"}],"replies":[{"embeddable":true,"href":"https:\/\/www.egemtv.com\/index.php?rest_route=%2Fwp%2Fv2%2Fcomments&post=52403"}],"version-history":[{"count":1,"href":"https:\/\/www.egemtv.com\/index.php?rest_route=\/wp\/v2\/posts\/52403\/revisions"}],"predecessor-version":[{"id":52405,"href":"https:\/\/www.egemtv.com\/index.php?rest_route=\/wp\/v2\/posts\/52403\/revisions\/52405"}],"wp:featuredmedia":[{"embeddable":true,"href":"https:\/\/www.egemtv.com\/index.php?rest_route=\/wp\/v2\/media\/52404"}],"wp:attachment":[{"href":"https:\/\/www.egemtv.com\/index.php?rest_route=%2Fwp%2Fv2%2Fmedia&parent=52403"}],"wp:term":[{"taxonomy":"category","embeddable":true,"href":"https:\/\/www.egemtv.com\/index.php?rest_route=%2Fwp%2Fv2%2Fcategories&post=52403"},{"taxonomy":"post_tag","embeddable":true,"href":"https:\/\/www.egemtv.com\/index.php?rest_route=%2Fwp%2Fv2%2Ftags&post=52403"}],"curies":[{"name":"wp","href":"https:\/\/api.w.org\/{rel}","templated":true}]}}