{"id":52400,"date":"2025-08-31T10:54:40","date_gmt":"2025-08-31T07:54:40","guid":{"rendered":"https:\/\/www.egemtv.com\/?p=52400"},"modified":"2025-08-31T10:54:41","modified_gmt":"2025-08-31T07:54:41","slug":"germencikte-zafer-kupasi-voleybol-turnuvasi-duzenlendi","status":"publish","type":"post","link":"https:\/\/www.egemtv.com\/?p=52400","title":{"rendered":"Germencik\u2019te Zafer Kupas\u0131 Voleybol Turnuvas\u0131 d\u00fczenlendi"},"content":{"rendered":"<p>Ayd\u0131n\u2019\u0131n Germencik il\u00e7esinde 30 A\u011fustos Zafer Bayram\u0131 etkinlikleri kapsam\u0131nda d\u00fczenlenen Voleybol Zafer Kupas\u0131 Turnuvas\u0131, birbirinden \u00e7eki\u015fmeli m\u00fcsabakalara sahne oldu.<\/p>\n<p>Germencik Gen\u00e7lik ve Spor \u0130l\u00e7e M\u00fcd\u00fcrl\u00fc\u011f\u00fc taraf\u0131ndan Germencik Spor Salonu\u2019nda ger\u00e7ekle\u015ftirilen turnuvada \u2018Midi K\u0131zlar\u2019 kategorisinde tak\u0131mlar kar\u015f\u0131 kar\u015f\u0131ya geldi. Germencik GS\u0130M Spor Kul\u00fcb\u00fc, Ayd\u0131n B\u00fcy\u00fck\u015fehir Belediyespor Kul\u00fcb\u00fc, \u00c7ine Zirve Spor Kul\u00fcb\u00fc, Denizli Cavidil Spor Kul\u00fcb\u00fc ve Ayd\u0131n Dinamik SK\u2019n\u0131n yer ald\u0131\u011f\u0131 turnuvada voleybolcular, izleyenlere heyecan dolu anlar ya\u015fatt\u0131. Turnuvada sporcular\u0131n ortaya koydu\u011fu m\u00fccadele izleyenlerden alk\u0131\u015f toplarken, organizasyonun 30 A\u011fustos Zafer Bayram\u0131 co\u015fkusunu sporla ta\u00e7land\u0131rd\u0131\u011f\u0131 belirtildi.<br \/><\/p>\n","protected":false},"excerpt":{"rendered":"<p>Ayd\u0131n\u2019\u0131n Germencik il\u00e7esinde 30 A\u011fustos Zafer Bayram\u0131 etkinlikleri kapsam\u0131nda d\u00fczenlenen Voleybol Zafer Kupas\u0131 Turnuvas\u0131, birbirinden \u00e7eki\u015fmeli m\u00fcsabakalara sahne oldu. Germencik Gen\u00e7lik ve Spor \u0130l\u00e7e M\u00fcd\u00fcrl\u00fc\u011f\u00fc taraf\u0131ndan Germencik Spor Salonu\u2019nda ger\u00e7ekle\u015ftirilen turnuvada \u2018Midi K\u0131zlar\u2019 kategorisinde tak\u0131mlar kar\u015f\u0131 kar\u015f\u0131ya geldi. Germencik GS\u0130M Spor Kul\u00fcb\u00fc, Ayd\u0131n B\u00fcy\u00fck\u015fehir Belediyespor Kul\u00fcb\u00fc, \u00c7ine Zirve Spor Kul\u00fcb\u00fc, Denizli Cavidil Spor Kul\u00fcb\u00fc ve&#8230;<\/p>\n","protected":false},"author":1,"featured_media":52401,"comment_status":"open","ping_status":"open","sticky":false,"template":"","format":"standard","meta":{"_crdt_document":"","footnotes":""},"categories":[4],"tags":[],"class_list":["post-52400","post","type-post","status-publish","format-standard","has-post-thumbnail","hentry","category-spor"],"_links":{"self":[{"href":"https:\/\/www.egemtv.com\/index.php?rest_route=\/wp\/v2\/posts\/52400","targetHints":{"allow":["GET"]}}],"collection":[{"href":"https:\/\/www.egemtv.com\/index.php?rest_route=\/wp\/v2\/posts"}],"about":[{"href":"https:\/\/www.egemtv.com\/index.php?rest_route=\/wp\/v2\/types\/post"}],"author":[{"embeddable":true,"href":"https:\/\/www.egemtv.com\/index.php?rest_route=\/wp\/v2\/users\/1"}],"replies":[{"embeddable":true,"href":"https:\/\/www.egemtv.com\/index.php?rest_route=%2Fwp%2Fv2%2Fcomments&post=52400"}],"version-history":[{"count":1,"href":"https:\/\/www.egemtv.com\/index.php?rest_route=\/wp\/v2\/posts\/52400\/revisions"}],"predecessor-version":[{"id":52402,"href":"https:\/\/www.egemtv.com\/index.php?rest_route=\/wp\/v2\/posts\/52400\/revisions\/52402"}],"wp:featuredmedia":[{"embeddable":true,"href":"https:\/\/www.egemtv.com\/index.php?rest_route=\/wp\/v2\/media\/52401"}],"wp:attachment":[{"href":"https:\/\/www.egemtv.com\/index.php?rest_route=%2Fwp%2Fv2%2Fmedia&parent=52400"}],"wp:term":[{"taxonomy":"category","embeddable":true,"href":"https:\/\/www.egemtv.com\/index.php?rest_route=%2Fwp%2Fv2%2Fcategories&post=52400"},{"taxonomy":"post_tag","embeddable":true,"href":"https:\/\/www.egemtv.com\/index.php?rest_route=%2Fwp%2Fv2%2Ftags&post=52400"}],"curies":[{"name":"wp","href":"https:\/\/api.w.org\/{rel}","templated":true}]}}