{"id":52397,"date":"2025-08-31T10:36:02","date_gmt":"2025-08-31T07:36:02","guid":{"rendered":"https:\/\/www.egemtv.com\/?p=52397"},"modified":"2025-08-31T10:36:03","modified_gmt":"2025-08-31T07:36:03","slug":"aydin-buyuksehir-belediyespor-oyuncusu-saracoglu-amerika-yolcusu","status":"publish","type":"post","link":"https:\/\/www.egemtv.com\/?p=52397","title":{"rendered":"Ayd\u0131n B\u00fcy\u00fck\u015fehir Belediyespor oyuncusu Sara\u00e7o\u011flu, Amerika yolcusu"},"content":{"rendered":"<p>Ayd\u0131n B\u00fcy\u00fck\u015fehir Belediyespor\u2019da forma giyen 2007 do\u011fumlu altyap\u0131 oyuncusu Ceylin Sara\u00e7o\u011flu, voleybol kariyerine Amerika Birle\u015fik Devletleri\u2019nde devam edecek.<\/p>\n<p>Gen\u00e7 yetenek, 2025-2026 sezonunda Hawaii Hilo \u00dcniversitesi voleybol tak\u0131m\u0131n\u0131n formas\u0131n\u0131 giyecek. Ayd\u0131n B\u00fcy\u00fck\u015fehir Belediyespor\u2019dan yap\u0131lan a\u00e7\u0131klamada, &#8220;Sporcumuzun yeni yolculu\u011funda ba\u015far\u0131lar\u0131n\u0131n artarak devam etmesini diliyor, kul\u00fcb\u00fcm\u00fcze verdi\u011fi katk\u0131lardan \u00f6t\u00fcr\u00fc te\u015fekk\u00fcr ediyoruz&#8221; denildi.<br \/><\/p>\n","protected":false},"excerpt":{"rendered":"<p>Ayd\u0131n B\u00fcy\u00fck\u015fehir Belediyespor\u2019da forma giyen 2007 do\u011fumlu altyap\u0131 oyuncusu Ceylin Sara\u00e7o\u011flu, voleybol kariyerine Amerika Birle\u015fik Devletleri\u2019nde devam edecek. Gen\u00e7 yetenek, 2025-2026 sezonunda Hawaii Hilo \u00dcniversitesi voleybol tak\u0131m\u0131n\u0131n formas\u0131n\u0131 giyecek. Ayd\u0131n B\u00fcy\u00fck\u015fehir Belediyespor\u2019dan yap\u0131lan a\u00e7\u0131klamada, &#8220;Sporcumuzun yeni yolculu\u011funda ba\u015far\u0131lar\u0131n\u0131n artarak devam etmesini diliyor, kul\u00fcb\u00fcm\u00fcze verdi\u011fi katk\u0131lardan \u00f6t\u00fcr\u00fc te\u015fekk\u00fcr ediyoruz&#8221; denildi.<\/p>\n","protected":false},"author":1,"featured_media":52398,"comment_status":"open","ping_status":"open","sticky":false,"template":"","format":"standard","meta":{"_crdt_document":"","footnotes":""},"categories":[4],"tags":[],"class_list":["post-52397","post","type-post","status-publish","format-standard","has-post-thumbnail","hentry","category-spor"],"_links":{"self":[{"href":"https:\/\/www.egemtv.com\/index.php?rest_route=\/wp\/v2\/posts\/52397","targetHints":{"allow":["GET"]}}],"collection":[{"href":"https:\/\/www.egemtv.com\/index.php?rest_route=\/wp\/v2\/posts"}],"about":[{"href":"https:\/\/www.egemtv.com\/index.php?rest_route=\/wp\/v2\/types\/post"}],"author":[{"embeddable":true,"href":"https:\/\/www.egemtv.com\/index.php?rest_route=\/wp\/v2\/users\/1"}],"replies":[{"embeddable":true,"href":"https:\/\/www.egemtv.com\/index.php?rest_route=%2Fwp%2Fv2%2Fcomments&post=52397"}],"version-history":[{"count":1,"href":"https:\/\/www.egemtv.com\/index.php?rest_route=\/wp\/v2\/posts\/52397\/revisions"}],"predecessor-version":[{"id":52399,"href":"https:\/\/www.egemtv.com\/index.php?rest_route=\/wp\/v2\/posts\/52397\/revisions\/52399"}],"wp:featuredmedia":[{"embeddable":true,"href":"https:\/\/www.egemtv.com\/index.php?rest_route=\/wp\/v2\/media\/52398"}],"wp:attachment":[{"href":"https:\/\/www.egemtv.com\/index.php?rest_route=%2Fwp%2Fv2%2Fmedia&parent=52397"}],"wp:term":[{"taxonomy":"category","embeddable":true,"href":"https:\/\/www.egemtv.com\/index.php?rest_route=%2Fwp%2Fv2%2Fcategories&post=52397"},{"taxonomy":"post_tag","embeddable":true,"href":"https:\/\/www.egemtv.com\/index.php?rest_route=%2Fwp%2Fv2%2Ftags&post=52397"}],"curies":[{"name":"wp","href":"https:\/\/api.w.org\/{rel}","templated":true}]}}