{"id":52394,"date":"2025-08-31T10:15:00","date_gmt":"2025-08-31T07:15:00","guid":{"rendered":"https:\/\/www.egemtv.com\/?p=52394"},"modified":"2025-08-31T10:15:01","modified_gmt":"2025-08-31T07:15:01","slug":"denizlide-haber-alinamayan-engelli-cocugun-goruntuleri-ortaya-cikti","status":"publish","type":"post","link":"https:\/\/www.egemtv.com\/?p=52394","title":{"rendered":"Denizli\u2019de haber al\u0131namayan engelli \u00e7ocu\u011fun g\u00f6r\u00fcnt\u00fcleri ortaya \u00e7\u0131kt\u0131"},"content":{"rendered":"<p>Denizli\u2019de d\u00fcn \u00f6\u011fle saatlerinde kaybolan 15 ya\u015f\u0131ndaki engelli \u00e7ocuktan bir g\u00fcnd\u00fcr haber al\u0131nam\u0131yor. Ekipler taraf\u0131ndan yap\u0131lan incelemelerde \u00e7ocu\u011fun ilk kamera g\u00f6r\u00fcnt\u00fcleri ortaya \u00e7\u0131kt\u0131.<br \/>\n<br \/>Olay, Pamukkale il\u00e7esi G\u00f6lemezli Mahallesi\u2019nde meydana geldi. Edinilen bilgilere g\u00f6re; saat 29 A\u011fustos g\u00fcn\u00fc saat 13.00\u2019da ailesinin yan\u0131ndan ayr\u0131lan 15 ya\u015f\u0131ndaki H.B.\u2019nin k\u00f6y meydan\u0131na do\u011fru gitti\u011fi ve geri d\u00f6nmedi\u011fi ihbar\u0131 \u00fczerine, 30 A\u011fustos sabah\u0131 AFAD\u2019dan gelen destek talebi do\u011frultusunda arama-kurtarma ekipleri operasyonu ba\u015flatt\u0131. AFAD, STK\u2019lar ve jandarma ekipleri b\u00f6lgede arama kurtarma faaliyetlerini s\u00fcrd\u00fcr\u00fcyor. Bug\u00fcn yap\u0131lan incelemelerde, 11.30\u2019da edinilen bilgilerle son g\u00f6r\u00fclme noktas\u0131na ula\u015f\u0131ld\u0131\u011f\u0131 ve sahadaki jandarma ekipleriyle ileti\u015fim kuruldu\u011fu tespit edildi. Kamera incelemelerinde kay\u0131p H.B. 29 A\u011fustos 14.42\u2019de Tepek\u00f6y muhtarl\u0131k \u00f6n\u00fc ve 17.09\u2019da Yenicekent sapa\u011f\u0131 &#8211; Buldan yolu \u00fczerindeki bir petrol istasyonu noktas\u0131nda g\u00f6r\u00fcnt\u00fclendi\u011fi teyit edildi. Sarayk\u00f6y istikametine do\u011fru yaya olarak ilerledi\u011fi g\u00f6r\u00fclen \u00e7ocu\u011fu bu b\u00f6lgede AFAD ile jandarma ekiplerinin arama \u00e7al\u0131\u015fmalar\u0131 devam ediyor.<br \/><\/p>\n","protected":false},"excerpt":{"rendered":"<p>Denizli\u2019de d\u00fcn \u00f6\u011fle saatlerinde kaybolan 15 ya\u015f\u0131ndaki engelli \u00e7ocuktan bir g\u00fcnd\u00fcr haber al\u0131nam\u0131yor. Ekipler taraf\u0131ndan yap\u0131lan incelemelerde \u00e7ocu\u011fun ilk kamera g\u00f6r\u00fcnt\u00fcleri ortaya \u00e7\u0131kt\u0131. Olay, Pamukkale il\u00e7esi G\u00f6lemezli Mahallesi\u2019nde meydana geldi. Edinilen bilgilere g\u00f6re; saat 29 A\u011fustos g\u00fcn\u00fc saat 13.00\u2019da ailesinin yan\u0131ndan ayr\u0131lan 15 ya\u015f\u0131ndaki H.B.\u2019nin k\u00f6y meydan\u0131na do\u011fru gitti\u011fi ve geri d\u00f6nmedi\u011fi ihbar\u0131 \u00fczerine, 30&#8230;<\/p>\n","protected":false},"author":1,"featured_media":52395,"comment_status":"open","ping_status":"open","sticky":false,"template":"","format":"standard","meta":{"_crdt_document":"","footnotes":""},"categories":[5],"tags":[],"class_list":["post-52394","post","type-post","status-publish","format-standard","has-post-thumbnail","hentry","category-asayis"],"_links":{"self":[{"href":"https:\/\/www.egemtv.com\/index.php?rest_route=\/wp\/v2\/posts\/52394","targetHints":{"allow":["GET"]}}],"collection":[{"href":"https:\/\/www.egemtv.com\/index.php?rest_route=\/wp\/v2\/posts"}],"about":[{"href":"https:\/\/www.egemtv.com\/index.php?rest_route=\/wp\/v2\/types\/post"}],"author":[{"embeddable":true,"href":"https:\/\/www.egemtv.com\/index.php?rest_route=\/wp\/v2\/users\/1"}],"replies":[{"embeddable":true,"href":"https:\/\/www.egemtv.com\/index.php?rest_route=%2Fwp%2Fv2%2Fcomments&post=52394"}],"version-history":[{"count":1,"href":"https:\/\/www.egemtv.com\/index.php?rest_route=\/wp\/v2\/posts\/52394\/revisions"}],"predecessor-version":[{"id":52396,"href":"https:\/\/www.egemtv.com\/index.php?rest_route=\/wp\/v2\/posts\/52394\/revisions\/52396"}],"wp:featuredmedia":[{"embeddable":true,"href":"https:\/\/www.egemtv.com\/index.php?rest_route=\/wp\/v2\/media\/52395"}],"wp:attachment":[{"href":"https:\/\/www.egemtv.com\/index.php?rest_route=%2Fwp%2Fv2%2Fmedia&parent=52394"}],"wp:term":[{"taxonomy":"category","embeddable":true,"href":"https:\/\/www.egemtv.com\/index.php?rest_route=%2Fwp%2Fv2%2Fcategories&post=52394"},{"taxonomy":"post_tag","embeddable":true,"href":"https:\/\/www.egemtv.com\/index.php?rest_route=%2Fwp%2Fv2%2Ftags&post=52394"}],"curies":[{"name":"wp","href":"https:\/\/api.w.org\/{rel}","templated":true}]}}