{"id":52391,"date":"2025-08-31T10:15:00","date_gmt":"2025-08-31T07:15:00","guid":{"rendered":"https:\/\/www.egemtv.com\/?p=52391"},"modified":"2025-08-31T10:15:00","modified_gmt":"2025-08-31T07:15:00","slug":"araciyla-hastaneye-goturecegim-diyerek-fabrikadan-cikan-patron-elemanini-yol-kenarina-birakarak-112yi-aradi","status":"publish","type":"post","link":"https:\/\/www.egemtv.com\/?p=52391","title":{"rendered":"\u2019Arac\u0131yla hastaneye g\u00f6t\u00fcrece\u011fim\u2019 diyerek fabrikadan \u00e7\u0131kan patron, eleman\u0131n\u0131 yol kenar\u0131na b\u0131rakarak 112\u2019yi arad\u0131"},"content":{"rendered":"<p>Denizli\u2019de elektrik ak\u0131m\u0131na kap\u0131lmas\u0131yla hayat\u0131n\u0131 kaybeden eleman\u0131n\u0131 yol kenar\u0131na b\u0131rak\u0131p bulmu\u015f gibi yaparak ihbarda bulunan patron tutukland\u0131.<br \/>\n<br \/>Olay, Honaz il\u00e7esi Kocaba\u015f Mahallesi\u2019nde faaliyet g\u00f6steren bir mermer fabrikas\u0131nda meydana geldi. Edinilen bilgilere g\u00f6re, 28 A\u011fustos Per\u015fembe g\u00fcn\u00fc yabanc\u0131 uyruklu 27 ya\u015f\u0131ndaki Yasin Bedevi Muafe\u015f, i\u015f yerinde \u00e7al\u0131\u015ft\u0131\u011f\u0131 esnada elektrik ak\u0131m\u0131na kap\u0131ld\u0131. Muafe\u015f\u2019i yerde bayg\u0131n halde g\u00f6ren i\u015f yerindeki \u00e7al\u0131\u015fma arkada\u015flar\u0131 durumu fabrika sahibi G.F.\u2019ye bildirdi. Fabrika sahibi G.F. elektrik ak\u0131m\u0131na kap\u0131lan Yasin Bedevi Muafi\u015f\u2019i hastaneye kendisinin g\u00f6t\u00fcrece\u011fini belirterek arac\u0131yla fabrikadan ayr\u0131ld\u0131. \u0130hbar \u00fczerine olay yerine sa\u011fl\u0131k ve polis ekipleri sevk edildi. B\u00f6lgeye gelen sa\u011fl\u0131k ekipleri yapt\u0131\u011f\u0131 ilk sa\u011fl\u0131k kontrol\u00fcnde, i\u015f\u00e7i Yasin Bedevi Muafi\u015f\u2019in hayat\u0131n\u0131 kaybetti\u011fini belirledi. Olay yeri inceleme ekiplerinin yapt\u0131\u011f\u0131 incelemelere g\u00f6re fabrika sahibi G.F. polis ekipleri taraf\u0131ndan g\u00f6zalt\u0131na al\u0131nd\u0131. Hayat\u0131n\u0131 kaybeden Muafi\u015f\u2019in cans\u0131z bedeni ise otopsi yap\u0131lmak \u00fczere adli t\u0131p kurumu morguna kald\u0131r\u0131ld\u0131.<\/p>\n<p>&#8220;Vicdan\u0131m el vermedi ve 112\u2019yi arad\u0131m&#8221;<br \/>\n<br \/>Hayat\u0131n\u0131 kaybeden Yasin Bedevi Muafi\u015f\u2019in, Adli T\u0131p Kurumu\u2019ndaki sonu\u00e7lara g\u00f6re, \u00fczerinde fabrika sahibi G.F.\u2019nin parmak izleri tespit edildi. Durumun ard\u0131ndan g\u00f6zalt\u0131na al\u0131nan G.F.\u2019nin ilk ifadesinde, &#8220;\u0130\u015f\u00e7im Yasin Bedevi Muafi\u015f\u2019i arabama koyup fabrikadan uzakla\u015ft\u0131m. Fabrikadan uzakla\u015ft\u0131ktan bir s\u00fcre sonra Yasin Bedevi Muafi\u015f\u2019in hayat\u0131n\u0131 kaybetti\u011fini d\u00fc\u015f\u00fcnerek korktum. Ceza alaca\u011f\u0131m korkusundan dolay\u0131 arabam\u0131 k\u00f6\u015feye \u00e7ektim ve yol kenar\u0131na b\u0131rakt\u0131m. Vicdan\u0131m el vermedi ve 112\u2019yi arad\u0131m. \u0130hbarda ise \u2019yolda bayg\u0131n yatan bir \u015fah\u0131s g\u00f6rd\u00fcm\u2019 dedim&#8221; \u015feklinde ifade verdi\u011fi \u00f6\u011frenildi. Fabrika sahibi G.F. verdi\u011fi ifadenin ard\u0131ndan adli makamlara sevk edildi. \u00c7\u0131kar\u0131ld\u0131\u011f\u0131 mahkeme taraf\u0131ndan tutuklanarak cezaevine g\u00f6nderildi.<br \/>\n<br \/>Hayat\u0131n\u0131 kaybeden Yasin Bedevi Muafi\u015f\u2019in fabrikada sigortas\u0131z \u00e7al\u0131\u015ft\u0131\u011f\u0131 ve ayn\u0131 zamanda i\u015f yerinde ba\u015fka kay\u0131t d\u0131\u015f\u0131 i\u015f\u00e7ilerin de bulundu\u011fu iddia edildi.<br \/><\/p>\n","protected":false},"excerpt":{"rendered":"<p>Denizli\u2019de elektrik ak\u0131m\u0131na kap\u0131lmas\u0131yla hayat\u0131n\u0131 kaybeden eleman\u0131n\u0131 yol kenar\u0131na b\u0131rak\u0131p bulmu\u015f gibi yaparak ihbarda bulunan patron tutukland\u0131. Olay, Honaz il\u00e7esi Kocaba\u015f Mahallesi\u2019nde faaliyet g\u00f6steren bir mermer fabrikas\u0131nda meydana geldi. Edinilen bilgilere g\u00f6re, 28 A\u011fustos Per\u015fembe g\u00fcn\u00fc yabanc\u0131 uyruklu 27 ya\u015f\u0131ndaki Yasin Bedevi Muafe\u015f, i\u015f yerinde \u00e7al\u0131\u015ft\u0131\u011f\u0131 esnada elektrik ak\u0131m\u0131na kap\u0131ld\u0131. Muafe\u015f\u2019i yerde bayg\u0131n halde g\u00f6ren&#8230;<\/p>\n","protected":false},"author":1,"featured_media":52392,"comment_status":"open","ping_status":"open","sticky":false,"template":"","format":"standard","meta":{"_crdt_document":"","footnotes":""},"categories":[5],"tags":[],"class_list":["post-52391","post","type-post","status-publish","format-standard","has-post-thumbnail","hentry","category-asayis"],"_links":{"self":[{"href":"https:\/\/www.egemtv.com\/index.php?rest_route=\/wp\/v2\/posts\/52391","targetHints":{"allow":["GET"]}}],"collection":[{"href":"https:\/\/www.egemtv.com\/index.php?rest_route=\/wp\/v2\/posts"}],"about":[{"href":"https:\/\/www.egemtv.com\/index.php?rest_route=\/wp\/v2\/types\/post"}],"author":[{"embeddable":true,"href":"https:\/\/www.egemtv.com\/index.php?rest_route=\/wp\/v2\/users\/1"}],"replies":[{"embeddable":true,"href":"https:\/\/www.egemtv.com\/index.php?rest_route=%2Fwp%2Fv2%2Fcomments&post=52391"}],"version-history":[{"count":1,"href":"https:\/\/www.egemtv.com\/index.php?rest_route=\/wp\/v2\/posts\/52391\/revisions"}],"predecessor-version":[{"id":52393,"href":"https:\/\/www.egemtv.com\/index.php?rest_route=\/wp\/v2\/posts\/52391\/revisions\/52393"}],"wp:featuredmedia":[{"embeddable":true,"href":"https:\/\/www.egemtv.com\/index.php?rest_route=\/wp\/v2\/media\/52392"}],"wp:attachment":[{"href":"https:\/\/www.egemtv.com\/index.php?rest_route=%2Fwp%2Fv2%2Fmedia&parent=52391"}],"wp:term":[{"taxonomy":"category","embeddable":true,"href":"https:\/\/www.egemtv.com\/index.php?rest_route=%2Fwp%2Fv2%2Fcategories&post=52391"},{"taxonomy":"post_tag","embeddable":true,"href":"https:\/\/www.egemtv.com\/index.php?rest_route=%2Fwp%2Fv2%2Ftags&post=52391"}],"curies":[{"name":"wp","href":"https:\/\/api.w.org\/{rel}","templated":true}]}}