{"id":52388,"date":"2025-08-31T06:34:46","date_gmt":"2025-08-31T03:34:46","guid":{"rendered":"https:\/\/www.egemtv.com\/?p=52388"},"modified":"2025-08-31T06:34:47","modified_gmt":"2025-08-31T03:34:47","slug":"kutahyada-30-agustosa-ozel-anlamli-ve-gulduren-konvoy-cifte-zafer","status":"publish","type":"post","link":"https:\/\/www.egemtv.com\/?p=52388","title":{"rendered":"K\u00fctahya\u2019da 30 A\u011fustos\u2019a \u00f6zel anlaml\u0131 ve g\u00fcld\u00fcren konvoy: &#8220;\u00c7ifte Zafer&#8221;"},"content":{"rendered":"<p>K\u00fctahya\u2019da d\u00fc\u011f\u00fcn konvoyu, s\u0131ra d\u0131\u015f\u0131 ve anlaml\u0131 bir detay\u0131yla g\u00f6renleri hem \u015fa\u015f\u0131rtt\u0131 hem de g\u00fcl\u00fcmsetti. 30 A\u011fustos Zafer Bayram\u0131\u2019nda evlenen bir \u00e7ift, gelin arabas\u0131n\u0131n arkas\u0131na &#8220;\u00c7ifte Zafer&#8221; yazarak bu \u00f6zel g\u00fcne g\u00f6nderme yapt\u0131.<br \/>\n<br \/>Olay, K\u00fctahya\u2019n\u0131n Dumlup\u0131nar Caddesi\u2019nde ya\u015fand\u0131. Korna sesleriyle \u015fehirde turlayan d\u00fc\u011f\u00fcn konvoyunun en \u00f6n\u00fcndeki gelin arabas\u0131, g\u00f6renlerin ilgisini hemen \u00e7ekti. Gelin ve damat, Zafer Bayram\u0131\u2019nda evlenmenin co\u015fkusuyla, ara\u00e7lar\u0131n\u0131n arkas\u0131na b\u00fcy\u00fck harflerle &#8220;\u00c7ifte Zafer&#8221; yazd\u0131rd\u0131. Bu milli duyarl\u0131l\u0131k i\u00e7eren detay, yoldan ge\u00e7enler ve \u00e7evredeki vatanda\u015flar taraf\u0131ndan b\u00fcy\u00fck takdir toplad\u0131. Bir yanda T\u00fcrkiye\u2019nin en b\u00fcy\u00fck zaferlerinden biri kutlan\u0131rken, di\u011fer yanda gen\u00e7 bir \u00e7iftin hayatlar\u0131n\u0131n en \u00f6nemli &#8220;zaferini&#8221; yani evlili\u011fini kutlamas\u0131, g\u00f6renlere ho\u015f bir s\u00fcrpriz ya\u015fatt\u0131.<br \/><\/p>\n","protected":false},"excerpt":{"rendered":"<p>K\u00fctahya\u2019da d\u00fc\u011f\u00fcn konvoyu, s\u0131ra d\u0131\u015f\u0131 ve anlaml\u0131 bir detay\u0131yla g\u00f6renleri hem \u015fa\u015f\u0131rtt\u0131 hem de g\u00fcl\u00fcmsetti. 30 A\u011fustos Zafer Bayram\u0131\u2019nda evlenen bir \u00e7ift, gelin arabas\u0131n\u0131n arkas\u0131na &#8220;\u00c7ifte Zafer&#8221; yazarak bu \u00f6zel g\u00fcne g\u00f6nderme yapt\u0131. Olay, K\u00fctahya\u2019n\u0131n Dumlup\u0131nar Caddesi\u2019nde ya\u015fand\u0131. Korna sesleriyle \u015fehirde turlayan d\u00fc\u011f\u00fcn konvoyunun en \u00f6n\u00fcndeki gelin arabas\u0131, g\u00f6renlerin ilgisini hemen \u00e7ekti. Gelin ve damat,&#8230;<\/p>\n","protected":false},"author":1,"featured_media":52389,"comment_status":"open","ping_status":"open","sticky":false,"template":"","format":"standard","meta":{"_crdt_document":"","footnotes":""},"categories":[123],"tags":[],"class_list":["post-52388","post","type-post","status-publish","format-standard","has-post-thumbnail","hentry","category-gundem"],"_links":{"self":[{"href":"https:\/\/www.egemtv.com\/index.php?rest_route=\/wp\/v2\/posts\/52388","targetHints":{"allow":["GET"]}}],"collection":[{"href":"https:\/\/www.egemtv.com\/index.php?rest_route=\/wp\/v2\/posts"}],"about":[{"href":"https:\/\/www.egemtv.com\/index.php?rest_route=\/wp\/v2\/types\/post"}],"author":[{"embeddable":true,"href":"https:\/\/www.egemtv.com\/index.php?rest_route=\/wp\/v2\/users\/1"}],"replies":[{"embeddable":true,"href":"https:\/\/www.egemtv.com\/index.php?rest_route=%2Fwp%2Fv2%2Fcomments&post=52388"}],"version-history":[{"count":1,"href":"https:\/\/www.egemtv.com\/index.php?rest_route=\/wp\/v2\/posts\/52388\/revisions"}],"predecessor-version":[{"id":52390,"href":"https:\/\/www.egemtv.com\/index.php?rest_route=\/wp\/v2\/posts\/52388\/revisions\/52390"}],"wp:featuredmedia":[{"embeddable":true,"href":"https:\/\/www.egemtv.com\/index.php?rest_route=\/wp\/v2\/media\/52389"}],"wp:attachment":[{"href":"https:\/\/www.egemtv.com\/index.php?rest_route=%2Fwp%2Fv2%2Fmedia&parent=52388"}],"wp:term":[{"taxonomy":"category","embeddable":true,"href":"https:\/\/www.egemtv.com\/index.php?rest_route=%2Fwp%2Fv2%2Fcategories&post=52388"},{"taxonomy":"post_tag","embeddable":true,"href":"https:\/\/www.egemtv.com\/index.php?rest_route=%2Fwp%2Fv2%2Ftags&post=52388"}],"curies":[{"name":"wp","href":"https:\/\/api.w.org\/{rel}","templated":true}]}}