{"id":52385,"date":"2025-08-31T06:34:45","date_gmt":"2025-08-31T03:34:45","guid":{"rendered":"https:\/\/www.egemtv.com\/?p=52385"},"modified":"2025-08-31T06:34:46","modified_gmt":"2025-08-31T03:34:46","slug":"buyuk-zaferin-103-yili-bayrak-yuruyusu-ve-fener-alayi-ile-taclandi","status":"publish","type":"post","link":"https:\/\/www.egemtv.com\/?p=52385","title":{"rendered":"B\u00fcy\u00fck Zafer\u2019in 103. y\u0131l\u0131 bayrak y\u00fcr\u00fcy\u00fc\u015f\u00fc ve fener alay\u0131 ile ta\u00e7land\u0131"},"content":{"rendered":"<p>B\u00fcy\u00fck Zafer\u2019in ve K\u00fctahya\u2019n\u0131n kurtulu\u015funun 103. y\u0131l\u0131, 30 A\u011fustos Zafer Bayram\u0131 etkinlikleri kapsam\u0131nda d\u00fczenlenen bayrak y\u00fcr\u00fcy\u00fc\u015f\u00fc ve fener alay\u0131 ile co\u015fku ve gurur dolu anlara sahne oldu.<br \/>\n<br \/>Vali Musa I\u015f\u0131n, 30 A\u011fustos Zafer Bayram\u0131\u2019n\u0131n sevincini ve heyecan\u0131n\u0131 binlerce K\u00fctahyal\u0131 ile birlikte ya\u015fad\u0131. K\u00fctahya Belediyesi \u00f6n\u00fcnden ba\u015flayarak Zafer Meydan\u0131\u2019na kadar s\u00fcren y\u00fcr\u00fcy\u00fc\u015fte, me\u015faleler Cumhuriyet i\u00e7in yak\u0131ld\u0131, T\u00fcrk bayraklar\u0131yla caddeler co\u015fkuyla renklendi.<br \/><\/p>\n","protected":false},"excerpt":{"rendered":"<p>B\u00fcy\u00fck Zafer\u2019in ve K\u00fctahya\u2019n\u0131n kurtulu\u015funun 103. y\u0131l\u0131, 30 A\u011fustos Zafer Bayram\u0131 etkinlikleri kapsam\u0131nda d\u00fczenlenen bayrak y\u00fcr\u00fcy\u00fc\u015f\u00fc ve fener alay\u0131 ile co\u015fku ve gurur dolu anlara sahne oldu. Vali Musa I\u015f\u0131n, 30 A\u011fustos Zafer Bayram\u0131\u2019n\u0131n sevincini ve heyecan\u0131n\u0131 binlerce K\u00fctahyal\u0131 ile birlikte ya\u015fad\u0131. K\u00fctahya Belediyesi \u00f6n\u00fcnden ba\u015flayarak Zafer Meydan\u0131\u2019na kadar s\u00fcren y\u00fcr\u00fcy\u00fc\u015fte, me\u015faleler Cumhuriyet i\u00e7in yak\u0131ld\u0131,&#8230;<\/p>\n","protected":false},"author":1,"featured_media":52386,"comment_status":"open","ping_status":"open","sticky":false,"template":"","format":"standard","meta":{"_crdt_document":"","footnotes":""},"categories":[123],"tags":[],"class_list":["post-52385","post","type-post","status-publish","format-standard","has-post-thumbnail","hentry","category-gundem"],"_links":{"self":[{"href":"https:\/\/www.egemtv.com\/index.php?rest_route=\/wp\/v2\/posts\/52385","targetHints":{"allow":["GET"]}}],"collection":[{"href":"https:\/\/www.egemtv.com\/index.php?rest_route=\/wp\/v2\/posts"}],"about":[{"href":"https:\/\/www.egemtv.com\/index.php?rest_route=\/wp\/v2\/types\/post"}],"author":[{"embeddable":true,"href":"https:\/\/www.egemtv.com\/index.php?rest_route=\/wp\/v2\/users\/1"}],"replies":[{"embeddable":true,"href":"https:\/\/www.egemtv.com\/index.php?rest_route=%2Fwp%2Fv2%2Fcomments&post=52385"}],"version-history":[{"count":1,"href":"https:\/\/www.egemtv.com\/index.php?rest_route=\/wp\/v2\/posts\/52385\/revisions"}],"predecessor-version":[{"id":52387,"href":"https:\/\/www.egemtv.com\/index.php?rest_route=\/wp\/v2\/posts\/52385\/revisions\/52387"}],"wp:featuredmedia":[{"embeddable":true,"href":"https:\/\/www.egemtv.com\/index.php?rest_route=\/wp\/v2\/media\/52386"}],"wp:attachment":[{"href":"https:\/\/www.egemtv.com\/index.php?rest_route=%2Fwp%2Fv2%2Fmedia&parent=52385"}],"wp:term":[{"taxonomy":"category","embeddable":true,"href":"https:\/\/www.egemtv.com\/index.php?rest_route=%2Fwp%2Fv2%2Fcategories&post=52385"},{"taxonomy":"post_tag","embeddable":true,"href":"https:\/\/www.egemtv.com\/index.php?rest_route=%2Fwp%2Fv2%2Ftags&post=52385"}],"curies":[{"name":"wp","href":"https:\/\/api.w.org\/{rel}","templated":true}]}}