{"id":52382,"date":"2025-08-31T01:14:37","date_gmt":"2025-08-30T22:14:37","guid":{"rendered":"https:\/\/www.egemtv.com\/?p=52382"},"modified":"2025-08-31T01:14:38","modified_gmt":"2025-08-30T22:14:38","slug":"manisa-fk-igdir-fk-macin-ardindan","status":"publish","type":"post","link":"https:\/\/www.egemtv.com\/?p=52382","title":{"rendered":"Manisa FK &#8211; I\u011fd\u0131r FK ma\u00e7\u0131n ard\u0131ndan"},"content":{"rendered":"<p>Trendyol 1. Lig\u2019in 4. haftas\u0131nda Manisa FK-I\u011fd\u0131r FK ma\u00e7\u0131n\u0131n ard\u0131ndan her iki tak\u0131m\u0131n teknik direkt\u00f6r\u00fc a\u00e7\u0131klamalarda bulundu.<br \/>\n<br \/>Trendyol 1. Lig\u2019in 4. haftas\u0131nda Manisa FK, sahas\u0131nda kar\u015f\u0131la\u015ft\u0131\u011f\u0131 I\u011fd\u0131r FK ile 1-1 berabere kald\u0131. Ma\u00e7\u0131n ard\u0131ndan d\u00fczenlenen bas\u0131n toplant\u0131s\u0131nda a\u00e7\u0131klamalarda bulunun Manisa FK Teknik Direkt\u00f6r\u00fc Taner Ta\u015fk\u0131n, ma\u00e7ta bask\u0131n taraf olduklar\u0131n\u0131 vurgulayarak, &#8220;\u00d6zellikle, ilk sahadaki ma\u00e7lar\u0131m\u0131za biraz daha fazla \u00f6nem veriyoruz. Galip gelmek istiyoruz. Galip gelmek i\u00e7in de \u00e7ok co\u015fkulu bir futbol oynad\u0131\u011f\u0131m\u0131z\u0131 s\u00f6yleyebilirim. Oyuncular bug\u00fcn 90 dakikaya b\u00fct\u00fcn co\u015fkular\u0131n\u0131, iste\u011fini, arzusunu yayd\u0131lar. Ben tak\u0131mdan son derece memnunum. Ma\u00e7 \u00e7ok gitgelli oldu. Galip gelebilirdik, ma\u011flup da olabilirdik. Oyun olarak bakt\u0131\u011f\u0131m\u0131z zaman rakibimize biz pozisyon zenginli\u011fi a\u00e7\u0131s\u0131ndan bana g\u00f6re \u00e7ok daha fazla pozisyon zenginli\u011fimiz vard\u0131. Burada bir \u00fcst\u00fcnl\u00fck sa\u011flad\u0131\u011f\u0131m\u0131z\u0131 s\u00f6yleyebilirim. Ama rakibimiz de yan toplarda bizi biraz fazla s\u0131k\u0131nt\u0131ya soktu. \u00c7ok basit bir gol yedik ve e\u015fitli\u011fi verdik. E\u011fer bir 20 dakikal\u0131k bir b\u00f6l\u00fcmde gol yemeden bitirseydik arka tarafta kontralardan \u00e7ok pozisyon bulaca\u011f\u0131m\u0131z\u0131 d\u00fc\u015f\u00fcn\u00fcyordum. Ama \u015fu anda halihaz\u0131rda daha \u00e7ok eksik oyuncular\u0131m\u0131z var. Gelecek oyuncular ve sakat oyuncularla beraber 5 oyuncu daha var. Bunlar bizim i\u00e7in \u00f6nemli alternatif olacak. Oyuna genelde gen\u00e7 oyuncular\u0131 hamle olarak atmaya \u00e7al\u0131\u015ft\u0131m. Rakibimiz bizden \u00e7ok daha maliyetli, daha iyi oyunculardan kurulu bir tak\u0131m. Ama bug\u00fcn ben tak\u0131m\u0131m\u0131 \u00e7ok be\u011fendim. Rakibimizi de tebrik ederim. Onlar da galip gelmek i\u00e7in oynad\u0131lar. Yani hi\u00e7 oyunu \u00e7irkinle\u015ftirmediler. \u0130\u00e7eride veya d\u0131\u015far\u0131da fark etmez. Puanlar her zaman k\u0131ymetlidir. Milli ma\u00e7 araya daha umutlu, daha istekli ve daha moralli girece\u011fiz&#8221; dedi.<\/p>\n<p>&#8220;Benim g\u00f6rd\u00fc\u011f\u00fcm en iyi hakemlerden bir tanesiydi&#8221;<br \/>\n<br \/>Hakemin ma\u00e7\u0131 \u00e7ok iyi y\u00f6netti\u011fini s\u00f6yleyen Ta\u015fk\u0131n, &#8220;Benim g\u00f6rd\u00fc\u011f\u00fcm en iyi hakemlerden bir tanesiydi. Her \u015fey \u00e7ok netti. Hakemlik hi\u00e7bir \u015fey yoktu bana g\u00f6re. Gayet de iyi ma\u00e7 y\u00f6netti. Mesela ona bakarsak yedi\u011fimiz ilk golde hi\u00e7 faul yoktu. Ama orta hakem faul\u00fc vermedi. Yan hakem \u0131srarla faul\u00fc verdi. Biz g\u00f6r\u00fcnt\u00fclere tekrar bakt\u0131k. Faulle alakas\u0131 yok. O faulde ben gol yedim. Yani burada hakemlik bence hi\u00e7bir \u015fey yok&#8221; diye konu\u015ftu.<\/p>\n<p>I\u011fd\u0131r FK cephesi<br \/>\n<br \/>I\u011fd\u0131r FK Teknik Direkt\u00f6r\u00fc \u00c7a\u011fda\u015f \u00c7avu\u015f ise, &#8220;Bug\u00fcn ya\u015fad\u0131\u011f\u0131m\u0131z durumu \u00e7ok net \u00f6zetlemek istiyorum. Ger\u00e7ekten ma\u00e7\u0131n \u00f6n\u00fcnde ya\u015fad\u0131\u011f\u0131m\u0131z durumu. Oyuncular\u0131m \u00e7ok iyi bir reaksiyonla ma\u00e7a ba\u015flad\u0131lar ve ister istemez, rakip ceza sahas\u0131n\u0131n i\u00e7inde \u00e7ok fazla oldu\u011fumuz bir 15-20 dakika ile ba\u015flad\u0131k. Daha sonra orta alandaki bazen e\u015fle\u015fme yanl\u0131\u015flar\u0131m\u0131zdan, birebir oyunumuzun ge\u00e7 kald\u0131\u011f\u0131m\u0131z pozisyonlardan rakibin biraz daha bize yakla\u015ft\u0131\u011f\u0131 durumlar olgunla\u015ft\u0131. Ger\u00e7ekten \u0130lk devre asl\u0131nda hi\u00e7 beklemedi\u011fimiz bir zamanda gol\u00fc yiyip i\u00e7eri girmek bizim oyunumuzun ad\u0131na biraz dezavantaj olu\u015ftu. Fakat ikinci devreye oyuncu grubum \u00e7ok iyi bir reaksiyon g\u00f6sterdi. \u0130kinci yar\u0131n\u0131n ilk \u00e7eyre\u011finde buldu\u011fumuz gol bizi oyuna ortak etti ve asl\u0131nda oyunu kazanabilece\u011fimiz ma\u00e7\u0131n i\u00e7erisindeki pozisyonlar\u0131 da \u00e7ok fazla yakalad\u0131k ikinci devre. Fakat ne yaz\u0131k ki galibiyet alamad\u0131k. Bir galibiyetle girelim d\u00fc\u015f\u00fcncesinde oldu\u011fumuz bir ma\u00e7\u0131 burada bir puanla d\u00f6nm\u00fc\u015f durumda kald\u0131k. Tabii ki \u015fimdi bir milli ara var. Ondan sonra haz\u0131rlanaca\u011f\u0131z. \u0130\u00e7eride oynayaca\u011f\u0131m\u0131z Serik ma\u00e7\u0131ndaki galibiyetimizle tekrar aya\u011fa kalk\u0131p bundan sonraki s\u00fcreci de \u00e7ok g\u00fczel bir \u015fekilde y\u00f6netece\u011fimizi d\u00fc\u015f\u00fcn\u00fcyorum&#8221; dedi.<\/p>\n<p>&#8220;Hakemin ma\u00e7\u0131 tekrar izleyip yapt\u0131klar\u0131 \u00e7ok b\u00fcy\u00fck hatalar\u0131n ne oldu\u011funu g\u00f6rmesi gerekiyor&#8221;<br \/>\n<br \/>Hakem kararlar\u0131na y\u00f6nelik de\u011ferlendirmelerde bulunan \u00c7avu\u015f, &#8220;Bizim ge\u00e7en hafta da ayn\u0131 problemleri ya\u015fad\u0131\u011f\u0131m\u0131z bir durum olu\u015ftu. Ben asl\u0131nda hakemlerle ilgili \u00e7ok fazla yorum yapmam\u0131\u015ft\u0131m ama bu ma\u00e7ta iki tane att\u0131\u011f\u0131m\u0131z goldeki herhangi bir faul\u00fcn olmay\u0131\u015f\u0131 ve bunlar\u0131n tamamen verilmeyi\u015fi ger\u00e7ekten \u00e7ok b\u00fcy\u00fck bir fiyasko. Asl\u0131nda burada \u015fu var. Ger\u00e7ekten hakem arkada\u015f\u0131m\u0131z ikinci ligden gelmi\u015f bir hakem arkada\u015f\u0131m\u0131z. Ondan sonra bence hem hakemimiz hem de ma\u00e7\u0131n VAR hakeminin bu ma\u00e7\u0131 tekrar izlemelerini istiyorum ve yapt\u0131klar\u0131 \u00e7ok b\u00fcy\u00fck hatalar\u0131n ne oldu\u011funu g\u00f6rmeleri gerekiyor. Ama umut ediyorum \u00f6n\u00fcm\u00fczde milli aradan sonra i\u00e7eride oynayaca\u011f\u0131m\u0131z Serik ma\u00e7\u0131yla galibiyetle yolumuza devam edece\u011fiz&#8221; ifadelerini kulland\u0131.<br \/><\/p>\n","protected":false},"excerpt":{"rendered":"<p>Trendyol 1. Lig\u2019in 4. haftas\u0131nda Manisa FK-I\u011fd\u0131r FK ma\u00e7\u0131n\u0131n ard\u0131ndan her iki tak\u0131m\u0131n teknik direkt\u00f6r\u00fc a\u00e7\u0131klamalarda bulundu. Trendyol 1. Lig\u2019in 4. haftas\u0131nda Manisa FK, sahas\u0131nda kar\u015f\u0131la\u015ft\u0131\u011f\u0131 I\u011fd\u0131r FK ile 1-1 berabere kald\u0131. Ma\u00e7\u0131n ard\u0131ndan d\u00fczenlenen bas\u0131n toplant\u0131s\u0131nda a\u00e7\u0131klamalarda bulunun Manisa FK Teknik Direkt\u00f6r\u00fc Taner Ta\u015fk\u0131n, ma\u00e7ta bask\u0131n taraf olduklar\u0131n\u0131 vurgulayarak, &#8220;\u00d6zellikle, ilk sahadaki ma\u00e7lar\u0131m\u0131za biraz&#8230;<\/p>\n","protected":false},"author":1,"featured_media":52383,"comment_status":"open","ping_status":"open","sticky":false,"template":"","format":"standard","meta":{"_crdt_document":"","footnotes":""},"categories":[4],"tags":[],"class_list":["post-52382","post","type-post","status-publish","format-standard","has-post-thumbnail","hentry","category-spor"],"_links":{"self":[{"href":"https:\/\/www.egemtv.com\/index.php?rest_route=\/wp\/v2\/posts\/52382","targetHints":{"allow":["GET"]}}],"collection":[{"href":"https:\/\/www.egemtv.com\/index.php?rest_route=\/wp\/v2\/posts"}],"about":[{"href":"https:\/\/www.egemtv.com\/index.php?rest_route=\/wp\/v2\/types\/post"}],"author":[{"embeddable":true,"href":"https:\/\/www.egemtv.com\/index.php?rest_route=\/wp\/v2\/users\/1"}],"replies":[{"embeddable":true,"href":"https:\/\/www.egemtv.com\/index.php?rest_route=%2Fwp%2Fv2%2Fcomments&post=52382"}],"version-history":[{"count":1,"href":"https:\/\/www.egemtv.com\/index.php?rest_route=\/wp\/v2\/posts\/52382\/revisions"}],"predecessor-version":[{"id":52384,"href":"https:\/\/www.egemtv.com\/index.php?rest_route=\/wp\/v2\/posts\/52382\/revisions\/52384"}],"wp:featuredmedia":[{"embeddable":true,"href":"https:\/\/www.egemtv.com\/index.php?rest_route=\/wp\/v2\/media\/52383"}],"wp:attachment":[{"href":"https:\/\/www.egemtv.com\/index.php?rest_route=%2Fwp%2Fv2%2Fmedia&parent=52382"}],"wp:term":[{"taxonomy":"category","embeddable":true,"href":"https:\/\/www.egemtv.com\/index.php?rest_route=%2Fwp%2Fv2%2Fcategories&post=52382"},{"taxonomy":"post_tag","embeddable":true,"href":"https:\/\/www.egemtv.com\/index.php?rest_route=%2Fwp%2Fv2%2Ftags&post=52382"}],"curies":[{"name":"wp","href":"https:\/\/api.w.org\/{rel}","templated":true}]}}