{"id":52379,"date":"2025-08-30T23:56:25","date_gmt":"2025-08-30T20:56:25","guid":{"rendered":"https:\/\/www.egemtv.com\/?p=52379"},"modified":"2025-08-30T23:56:25","modified_gmt":"2025-08-30T20:56:25","slug":"3-gundur-devam-eden-yanginin-siddeti-havadan-goruntulendi","status":"publish","type":"post","link":"https:\/\/www.egemtv.com\/?p=52379","title":{"rendered":"3 g\u00fcnd\u00fcr devam eden yang\u0131n\u0131n \u015fiddeti havadan g\u00f6r\u00fcnt\u00fclendi"},"content":{"rendered":"<p>Denizli\u2019nin Buldan il\u00e7esi \u00c7atak Mahallesi\u2019nde 3 g\u00fcn \u00f6nce ormanl\u0131k alanda \u00e7\u0131kan ve Ayd\u0131n\u2019a s\u0131\u00e7rayarak ilerlemeye devam eden yang\u0131n\u0131 s\u00f6nd\u00fcrme \u00e7al\u0131\u015fmalar\u0131 s\u00fcr\u00fcyor.<br \/>\n<br \/>Denizli\u2019nin Buldan il\u00e7esinde 27 A\u011fustos \u00c7ar\u015famba g\u00fcn\u00fc ba\u015flayan yang\u0131nla m\u00fccadeleye devam ediliyor. Buldan il\u00e7esinin \u00c7atak Mahallesi\u2019nde ba\u015flayan yang\u0131n Denizli il s\u0131n\u0131rlar\u0131n\u0131 a\u015farak Ayd\u0131n iline s\u0131\u00e7rad\u0131. Kumral\u0131 ve Gereyli mevkilerini a\u015farak Bostanyerine Mahallesi\u2019ne ula\u015fan alevler, B\u00f6lmekaya ile Sazak mahallelerine do\u011fru ilerliyor. De\u011fi\u015fken hava \u015fartlar\u0131na ba\u011fl\u0131 olarak yang\u0131n r\u00fczgar\u0131n \u015fiddetiyle ilerlerken, r\u00fczgar\u0131n \u015fiddetinin d\u00fc\u015ft\u00fc\u011f\u00fc anlarda yang\u0131na h\u0131zl\u0131ca m\u00fcdahale ediliyor. G\u00fcnlerdir s\u00fcren orman yang\u0131n\u0131na 3 yang\u0131n u\u00e7a\u011f\u0131, 10 helikopter, 66 araz\u00f6z, 10 i\u015f makinas\u0131, 45 ilk m\u00fcdahale arac\u0131 ve 361 personelle m\u00fcdahale ediliyor. Vatanda\u015flar da trakt\u00f6rlerine takt\u0131klar\u0131 su tankerleri ile helikopterlerin yang\u0131na daha h\u0131zl\u0131 m\u00fcdahale etmesini sa\u011flamak amac\u0131yla yang\u0131n b\u00f6lgesine yak\u0131n yang\u0131n s\u00f6nd\u00fcrme havuzlar\u0131na su doldurarak m\u00fccadeleye destek oluyorlar. Geceleri havadan deste\u011fin kesildi\u011fi s\u00f6nd\u00fcrme \u00e7al\u0131\u015fmalar\u0131na karadan destek olmak i\u00e7in Denizli, Ayd\u0131n, Manisa, U\u015fak, \u0130zmir ve Isparta\u2019dan ekipler de b\u00f6lgede g\u00f6rev yap\u0131yor.<\/p>\n<p>Yang\u0131n b\u00f6lgesi havadan g\u00f6r\u00fcnt\u00fclendi<br \/>\n<br \/>Yang\u0131n b\u00f6lgesi dron ile havadan g\u00f6r\u00fcnt\u00fclendi. G\u00f6r\u00fcnt\u00fclerde vatanda\u015flar\u0131n yang\u0131n havuzlar\u0131na su takviyesi yapt\u0131\u011f\u0131 anlar ve ak\u015fam saatlerinde orman\u0131n i\u00e7erisinde farkl\u0131 noktalardan y\u00fckselen alevler yer ald\u0131. Orman ekiplerinin ve araz\u00f6zlerin yang\u0131na m\u00fcdahalesi de g\u00f6r\u00fcnt\u00fcledi.<br \/><\/p>\n","protected":false},"excerpt":{"rendered":"<p>Denizli\u2019nin Buldan il\u00e7esi \u00c7atak Mahallesi\u2019nde 3 g\u00fcn \u00f6nce ormanl\u0131k alanda \u00e7\u0131kan ve Ayd\u0131n\u2019a s\u0131\u00e7rayarak ilerlemeye devam eden yang\u0131n\u0131 s\u00f6nd\u00fcrme \u00e7al\u0131\u015fmalar\u0131 s\u00fcr\u00fcyor. Denizli\u2019nin Buldan il\u00e7esinde 27 A\u011fustos \u00c7ar\u015famba g\u00fcn\u00fc ba\u015flayan yang\u0131nla m\u00fccadeleye devam ediliyor. Buldan il\u00e7esinin \u00c7atak Mahallesi\u2019nde ba\u015flayan yang\u0131n Denizli il s\u0131n\u0131rlar\u0131n\u0131 a\u015farak Ayd\u0131n iline s\u0131\u00e7rad\u0131. Kumral\u0131 ve Gereyli mevkilerini a\u015farak Bostanyerine Mahallesi\u2019ne ula\u015fan alevler,&#8230;<\/p>\n","protected":false},"author":1,"featured_media":52380,"comment_status":"open","ping_status":"open","sticky":false,"template":"","format":"standard","meta":{"_crdt_document":"","footnotes":""},"categories":[5],"tags":[],"class_list":["post-52379","post","type-post","status-publish","format-standard","has-post-thumbnail","hentry","category-asayis"],"_links":{"self":[{"href":"https:\/\/www.egemtv.com\/index.php?rest_route=\/wp\/v2\/posts\/52379","targetHints":{"allow":["GET"]}}],"collection":[{"href":"https:\/\/www.egemtv.com\/index.php?rest_route=\/wp\/v2\/posts"}],"about":[{"href":"https:\/\/www.egemtv.com\/index.php?rest_route=\/wp\/v2\/types\/post"}],"author":[{"embeddable":true,"href":"https:\/\/www.egemtv.com\/index.php?rest_route=\/wp\/v2\/users\/1"}],"replies":[{"embeddable":true,"href":"https:\/\/www.egemtv.com\/index.php?rest_route=%2Fwp%2Fv2%2Fcomments&post=52379"}],"version-history":[{"count":1,"href":"https:\/\/www.egemtv.com\/index.php?rest_route=\/wp\/v2\/posts\/52379\/revisions"}],"predecessor-version":[{"id":52381,"href":"https:\/\/www.egemtv.com\/index.php?rest_route=\/wp\/v2\/posts\/52379\/revisions\/52381"}],"wp:featuredmedia":[{"embeddable":true,"href":"https:\/\/www.egemtv.com\/index.php?rest_route=\/wp\/v2\/media\/52380"}],"wp:attachment":[{"href":"https:\/\/www.egemtv.com\/index.php?rest_route=%2Fwp%2Fv2%2Fmedia&parent=52379"}],"wp:term":[{"taxonomy":"category","embeddable":true,"href":"https:\/\/www.egemtv.com\/index.php?rest_route=%2Fwp%2Fv2%2Fcategories&post=52379"},{"taxonomy":"post_tag","embeddable":true,"href":"https:\/\/www.egemtv.com\/index.php?rest_route=%2Fwp%2Fv2%2Ftags&post=52379"}],"curies":[{"name":"wp","href":"https:\/\/api.w.org\/{rel}","templated":true}]}}