{"id":52373,"date":"2025-08-30T23:34:55","date_gmt":"2025-08-30T20:34:55","guid":{"rendered":"https:\/\/www.egemtv.com\/?p=52373"},"modified":"2025-08-30T23:34:56","modified_gmt":"2025-08-30T20:34:56","slug":"didimde-30-agustos-coskusu-konserle-kutlandi","status":"publish","type":"post","link":"https:\/\/www.egemtv.com\/?p=52373","title":{"rendered":"Didim\u2019de 30 A\u011fustos co\u015fkusu konserle kutland\u0131"},"content":{"rendered":"<p>30 A\u011fustos Zafer Bayram\u0131\u2019n\u0131n 103\u2019\u00fcnc\u00fc y\u0131l d\u00f6n\u00fcm\u00fc kutlamalar\u0131 kapsam\u0131nda Didim Belediyesince Fener alay\u0131 d\u00fczenlendi; ard\u0131ndan Umut Kuzey konseri ger\u00e7ekle\u015ftirildi.<br \/>\n<br \/>30 A\u011fustos Zafer Bayram\u0131\u2019n\u0131n 103\u2019\u00fcnc\u00fc y\u0131l d\u00f6n\u00fcm\u00fc kutlamalar\u0131 kapsam\u0131nda Didim Belediyesi \u00f6n\u00fcnden fener alay\u0131 d\u00fczenlendi. Fener Alay\u0131na Didim Belediye Ba\u015fkan\u0131 Hatice Gen\u00e7ay, Ba\u015fkan yard\u0131mc\u0131lar\u0131, CHP\u2019li baz\u0131 belediye meclis \u00fcyeleri ile \u00e7ok say\u0131da vatanda\u015f kat\u0131ld\u0131. Mar\u015flar ve \u015fark\u0131lar e\u015fli\u011finde ger\u00e7ekle\u015ftirilen fener alay\u0131 Cumhuriyet Caddesi ve Atat\u00fcrk bulvar\u0131 \u00fczerinde devam ederek, Kent meydan\u0131nda sona erdi.<br \/>\n<br \/>Kent Meydan\u0131nda sona eren y\u00fcr\u00fcy\u00fc\u015f sonras\u0131nda alan\u0131 dolduran binlerce ki\u015fiye seslenen Didim Belediye Ba\u015fkan\u0131 Hatice Gen\u00e7ay ise konu\u015fmas\u0131nda 30 A\u011fustos Zaferinin 103. Y\u0131l\u0131n\u0131n kutlaman\u0131n gururunu ya\u015fad\u0131klar\u0131n\u0131 kaydetti. Gen\u00e7ay konu\u015fmas\u0131nda &#8220;Bu zafer kolay kazan\u0131lmad\u0131. Bu topraklarda ba\u011f\u0131ms\u0131zl\u0131k bir halk\u0131n y\u00fcre\u011fi ve dik duru\u015fuyla kazan\u0131ld\u0131. 103 y\u0131l \u00f6nce M. Kemal Atat\u00fcrk\u2019\u00fcn \u00f6nderli\u011fine bir millet aya\u011fa kalkt\u0131 ya istiklal ya \u00f6l\u00fcm diye, o direni\u015f tarihe alt\u0131n harflerle 30 A\u011fustos Zaferini yazd\u0131. Bu meydanda bir zaferi, bir devrimi kutluyoruz. Atat\u00fcrk\u2019\u00fcn bizlere emanet etti\u011fi bu cumhuriyeti Kad\u0131n\u0131 erke\u011fi genci ve ya\u015fl\u0131s\u0131 ile hep birlikte koruyaca\u011f\u0131z&#8221; dedi.<br \/>\n<br \/>Konu\u015fmalar\u0131n ard\u0131ndan T\u00fcrk Rock m\u00fczi\u011finin gen\u00e7 isimlerinden Umut Kuzey s\u00f6yledi\u011fi \u015fark\u0131larla alandaki binlerce ki\u015fiyi co\u015fturdu.<br \/><\/p>\n","protected":false},"excerpt":{"rendered":"<p>30 A\u011fustos Zafer Bayram\u0131\u2019n\u0131n 103\u2019\u00fcnc\u00fc y\u0131l d\u00f6n\u00fcm\u00fc kutlamalar\u0131 kapsam\u0131nda Didim Belediyesince Fener alay\u0131 d\u00fczenlendi; ard\u0131ndan Umut Kuzey konseri ger\u00e7ekle\u015ftirildi. 30 A\u011fustos Zafer Bayram\u0131\u2019n\u0131n 103\u2019\u00fcnc\u00fc y\u0131l d\u00f6n\u00fcm\u00fc kutlamalar\u0131 kapsam\u0131nda Didim Belediyesi \u00f6n\u00fcnden fener alay\u0131 d\u00fczenlendi. Fener Alay\u0131na Didim Belediye Ba\u015fkan\u0131 Hatice Gen\u00e7ay, Ba\u015fkan yard\u0131mc\u0131lar\u0131, CHP\u2019li baz\u0131 belediye meclis \u00fcyeleri ile \u00e7ok say\u0131da vatanda\u015f kat\u0131ld\u0131. Mar\u015flar ve&#8230;<\/p>\n","protected":false},"author":1,"featured_media":52374,"comment_status":"open","ping_status":"open","sticky":false,"template":"","format":"standard","meta":{"_crdt_document":"","footnotes":""},"categories":[1],"tags":[],"class_list":["post-52373","post","type-post","status-publish","format-standard","has-post-thumbnail","hentry","category-guncel"],"_links":{"self":[{"href":"https:\/\/www.egemtv.com\/index.php?rest_route=\/wp\/v2\/posts\/52373","targetHints":{"allow":["GET"]}}],"collection":[{"href":"https:\/\/www.egemtv.com\/index.php?rest_route=\/wp\/v2\/posts"}],"about":[{"href":"https:\/\/www.egemtv.com\/index.php?rest_route=\/wp\/v2\/types\/post"}],"author":[{"embeddable":true,"href":"https:\/\/www.egemtv.com\/index.php?rest_route=\/wp\/v2\/users\/1"}],"replies":[{"embeddable":true,"href":"https:\/\/www.egemtv.com\/index.php?rest_route=%2Fwp%2Fv2%2Fcomments&post=52373"}],"version-history":[{"count":1,"href":"https:\/\/www.egemtv.com\/index.php?rest_route=\/wp\/v2\/posts\/52373\/revisions"}],"predecessor-version":[{"id":52375,"href":"https:\/\/www.egemtv.com\/index.php?rest_route=\/wp\/v2\/posts\/52373\/revisions\/52375"}],"wp:featuredmedia":[{"embeddable":true,"href":"https:\/\/www.egemtv.com\/index.php?rest_route=\/wp\/v2\/media\/52374"}],"wp:attachment":[{"href":"https:\/\/www.egemtv.com\/index.php?rest_route=%2Fwp%2Fv2%2Fmedia&parent=52373"}],"wp:term":[{"taxonomy":"category","embeddable":true,"href":"https:\/\/www.egemtv.com\/index.php?rest_route=%2Fwp%2Fv2%2Fcategories&post=52373"},{"taxonomy":"post_tag","embeddable":true,"href":"https:\/\/www.egemtv.com\/index.php?rest_route=%2Fwp%2Fv2%2Ftags&post=52373"}],"curies":[{"name":"wp","href":"https:\/\/api.w.org\/{rel}","templated":true}]}}