{"id":52370,"date":"2025-08-30T23:15:55","date_gmt":"2025-08-30T20:15:55","guid":{"rendered":"https:\/\/www.egemtv.com\/?p=52370"},"modified":"2025-08-30T23:15:56","modified_gmt":"2025-08-30T20:15:56","slug":"marmariste-otelin-havuz-suyu-halk-plajina-akti","status":"publish","type":"post","link":"https:\/\/www.egemtv.com\/?p=52370","title":{"rendered":"Marmaris\u2019te otelin havuz suyu halk plaj\u0131na akt\u0131"},"content":{"rendered":"<p>Mu\u011fla\u2019n\u0131n Marmar il\u00e7esinde bir otelin havuz suyu halk plaj\u0131na akt\u0131. Harekete ge\u00e7en ekipler, numune alarak tahlilele g\u00f6nderdi.<br \/>\n<br \/>Marmaris\u2019in Turun\u00e7 Mahallesi\u2019nde bir otele ait havuzdan akan suyun halk plaj\u0131na ula\u015ft\u0131\u011f\u0131 ihbar\u0131 \u00fczerine ekipler harekete ge\u00e7ti. Vatanda\u015flar\u0131n ihbar\u0131 ve g\u00f6r\u00fcnt\u00fclerin ula\u015fmas\u0131yla Marmaris Kaymakam\u0131 Nurullah Kaya\u2019n\u0131n talimat\u0131 \u00fczerine Turun\u00e7 Jandarma Komutanl\u0131\u011f\u0131 ekipleri otel hakk\u0131nda ilk tutana\u011f\u0131 tuttu. Ard\u0131ndan \u0130l\u00e7e Sa\u011fl\u0131k M\u00fcd\u00fcrl\u00fc\u011f\u00fc ile \u00c7evre, \u015eehircilik ve \u0130klim De\u011fi\u015fikli\u011fi \u0130l M\u00fcd\u00fcrl\u00fc\u011f\u00fc ekipleri hem otelin havuzundan hem de denizden numuneler alarak tahlile g\u00f6nderdi.<br \/>\n<br \/>Sahile s\u0131f\u0131r konumdaki otelin yetkililerinin havuzda meydana gelen bir ar\u0131za nedeniyle suyun denize akt\u0131\u011f\u0131n\u0131 ifade etti\u011fi \u00f6\u011frenildi. Olayla ilgili tutanak tutulurken, Marmaris Kaymakaml\u0131\u011f\u0131 konunun takip\u00e7isi olaca\u011f\u0131n\u0131 a\u00e7\u0131klad\u0131.<br \/><\/p>\n","protected":false},"excerpt":{"rendered":"<p>Mu\u011fla\u2019n\u0131n Marmar il\u00e7esinde bir otelin havuz suyu halk plaj\u0131na akt\u0131. Harekete ge\u00e7en ekipler, numune alarak tahlilele g\u00f6nderdi. Marmaris\u2019in Turun\u00e7 Mahallesi\u2019nde bir otele ait havuzdan akan suyun halk plaj\u0131na ula\u015ft\u0131\u011f\u0131 ihbar\u0131 \u00fczerine ekipler harekete ge\u00e7ti. Vatanda\u015flar\u0131n ihbar\u0131 ve g\u00f6r\u00fcnt\u00fclerin ula\u015fmas\u0131yla Marmaris Kaymakam\u0131 Nurullah Kaya\u2019n\u0131n talimat\u0131 \u00fczerine Turun\u00e7 Jandarma Komutanl\u0131\u011f\u0131 ekipleri otel hakk\u0131nda ilk tutana\u011f\u0131 tuttu. Ard\u0131ndan&#8230;<\/p>\n","protected":false},"author":1,"featured_media":52371,"comment_status":"open","ping_status":"open","sticky":false,"template":"","format":"standard","meta":{"_crdt_document":"","footnotes":""},"categories":[1],"tags":[],"class_list":["post-52370","post","type-post","status-publish","format-standard","has-post-thumbnail","hentry","category-guncel"],"_links":{"self":[{"href":"https:\/\/www.egemtv.com\/index.php?rest_route=\/wp\/v2\/posts\/52370","targetHints":{"allow":["GET"]}}],"collection":[{"href":"https:\/\/www.egemtv.com\/index.php?rest_route=\/wp\/v2\/posts"}],"about":[{"href":"https:\/\/www.egemtv.com\/index.php?rest_route=\/wp\/v2\/types\/post"}],"author":[{"embeddable":true,"href":"https:\/\/www.egemtv.com\/index.php?rest_route=\/wp\/v2\/users\/1"}],"replies":[{"embeddable":true,"href":"https:\/\/www.egemtv.com\/index.php?rest_route=%2Fwp%2Fv2%2Fcomments&post=52370"}],"version-history":[{"count":1,"href":"https:\/\/www.egemtv.com\/index.php?rest_route=\/wp\/v2\/posts\/52370\/revisions"}],"predecessor-version":[{"id":52372,"href":"https:\/\/www.egemtv.com\/index.php?rest_route=\/wp\/v2\/posts\/52370\/revisions\/52372"}],"wp:featuredmedia":[{"embeddable":true,"href":"https:\/\/www.egemtv.com\/index.php?rest_route=\/wp\/v2\/media\/52371"}],"wp:attachment":[{"href":"https:\/\/www.egemtv.com\/index.php?rest_route=%2Fwp%2Fv2%2Fmedia&parent=52370"}],"wp:term":[{"taxonomy":"category","embeddable":true,"href":"https:\/\/www.egemtv.com\/index.php?rest_route=%2Fwp%2Fv2%2Fcategories&post=52370"},{"taxonomy":"post_tag","embeddable":true,"href":"https:\/\/www.egemtv.com\/index.php?rest_route=%2Fwp%2Fv2%2Ftags&post=52370"}],"curies":[{"name":"wp","href":"https:\/\/api.w.org\/{rel}","templated":true}]}}