{"id":52367,"date":"2025-08-30T23:15:54","date_gmt":"2025-08-30T20:15:54","guid":{"rendered":"https:\/\/www.egemtv.com\/?p=52367"},"modified":"2025-08-30T23:15:55","modified_gmt":"2025-08-30T20:15:55","slug":"demircide-30-agustos-ve-kurtulus-gunu-fener-alayiyla-kutlandi","status":"publish","type":"post","link":"https:\/\/www.egemtv.com\/?p=52367","title":{"rendered":"Demirci\u2019de 30 A\u011fustos ve Kurtulu\u015f G\u00fcn\u00fc fener alay\u0131yla kutland\u0131"},"content":{"rendered":"<p>Manisa\u2019n\u0131n Demirci il\u00e7esinde 30 A\u011fustos Zafer Bayram\u0131 ve Demirci\u2019nin d\u00fc\u015fman i\u015fgalinden kurtulu\u015funun y\u0131l d\u00f6n\u00fcm\u00fc kapsam\u0131nda fener alay\u0131 d\u00fczenlendi.<br \/>\n<br \/>Demirci Belediyesi \u00f6n\u00fcnden ba\u015flayan fener alay\u0131 y\u00fcr\u00fcy\u00fc\u015f\u00fcne Demirci Kaymakam\u0131 Fatih Bayram, Belediye Ba\u015fkan\u0131 Erkan Kara, e\u015fi Nermin Kara ve il\u00e7e protokol\u00fc kat\u0131ld\u0131. Y\u00fcr\u00fcy\u00fc\u015fte vatanda\u015flar, ellerinde bayraklarla mar\u015flar ve \u015fark\u0131lar e\u015fli\u011finde y\u00fcr\u00fcd\u00fc. Fener alay\u0131na Mahmutlar, S\u00f6\u011f\u00fct\u00e7\u00fck ve \u00d6ren Mahallesi Halk Oyunlar\u0131 ekipleri ve Gen\u00e7lik ve Spor \u0130l\u00e7e M\u00fcd\u00fcrl\u00fc\u011f\u00fc oryantiring sporcular\u0131 da e\u015flik etti. Belediye taraf\u0131ndan vatanda\u015flara bayrak da\u011f\u0131t\u0131ld\u0131. Sayg\u0131 duru\u015funda bulunulmas\u0131 ve \u0130stiklal Mar\u015f\u0131\u2019n\u0131n okunmas\u0131yla y\u00fcr\u00fcy\u00fc\u015f sona ererken, kutlamalar kapsam\u0131nda sanat\u00e7\u0131 Ece Mumay konser verdi.<br \/><\/p>\n","protected":false},"excerpt":{"rendered":"<p>Manisa\u2019n\u0131n Demirci il\u00e7esinde 30 A\u011fustos Zafer Bayram\u0131 ve Demirci\u2019nin d\u00fc\u015fman i\u015fgalinden kurtulu\u015funun y\u0131l d\u00f6n\u00fcm\u00fc kapsam\u0131nda fener alay\u0131 d\u00fczenlendi. Demirci Belediyesi \u00f6n\u00fcnden ba\u015flayan fener alay\u0131 y\u00fcr\u00fcy\u00fc\u015f\u00fcne Demirci Kaymakam\u0131 Fatih Bayram, Belediye Ba\u015fkan\u0131 Erkan Kara, e\u015fi Nermin Kara ve il\u00e7e protokol\u00fc kat\u0131ld\u0131. Y\u00fcr\u00fcy\u00fc\u015fte vatanda\u015flar, ellerinde bayraklarla mar\u015flar ve \u015fark\u0131lar e\u015fli\u011finde y\u00fcr\u00fcd\u00fc. Fener alay\u0131na Mahmutlar, S\u00f6\u011f\u00fct\u00e7\u00fck ve \u00d6ren&#8230;<\/p>\n","protected":false},"author":1,"featured_media":52368,"comment_status":"open","ping_status":"open","sticky":false,"template":"","format":"standard","meta":{"_crdt_document":"","footnotes":""},"categories":[1],"tags":[],"class_list":["post-52367","post","type-post","status-publish","format-standard","has-post-thumbnail","hentry","category-guncel"],"_links":{"self":[{"href":"https:\/\/www.egemtv.com\/index.php?rest_route=\/wp\/v2\/posts\/52367","targetHints":{"allow":["GET"]}}],"collection":[{"href":"https:\/\/www.egemtv.com\/index.php?rest_route=\/wp\/v2\/posts"}],"about":[{"href":"https:\/\/www.egemtv.com\/index.php?rest_route=\/wp\/v2\/types\/post"}],"author":[{"embeddable":true,"href":"https:\/\/www.egemtv.com\/index.php?rest_route=\/wp\/v2\/users\/1"}],"replies":[{"embeddable":true,"href":"https:\/\/www.egemtv.com\/index.php?rest_route=%2Fwp%2Fv2%2Fcomments&post=52367"}],"version-history":[{"count":1,"href":"https:\/\/www.egemtv.com\/index.php?rest_route=\/wp\/v2\/posts\/52367\/revisions"}],"predecessor-version":[{"id":52369,"href":"https:\/\/www.egemtv.com\/index.php?rest_route=\/wp\/v2\/posts\/52367\/revisions\/52369"}],"wp:featuredmedia":[{"embeddable":true,"href":"https:\/\/www.egemtv.com\/index.php?rest_route=\/wp\/v2\/media\/52368"}],"wp:attachment":[{"href":"https:\/\/www.egemtv.com\/index.php?rest_route=%2Fwp%2Fv2%2Fmedia&parent=52367"}],"wp:term":[{"taxonomy":"category","embeddable":true,"href":"https:\/\/www.egemtv.com\/index.php?rest_route=%2Fwp%2Fv2%2Fcategories&post=52367"},{"taxonomy":"post_tag","embeddable":true,"href":"https:\/\/www.egemtv.com\/index.php?rest_route=%2Fwp%2Fv2%2Ftags&post=52367"}],"curies":[{"name":"wp","href":"https:\/\/api.w.org\/{rel}","templated":true}]}}