{"id":52364,"date":"2025-08-30T20:34:55","date_gmt":"2025-08-30T17:34:55","guid":{"rendered":"https:\/\/www.egemtv.com\/?p=52364"},"modified":"2025-08-30T20:34:56","modified_gmt":"2025-08-30T17:34:56","slug":"turk-yildizlarindan-kutahyada-nefes-kesen-gosteri","status":"publish","type":"post","link":"https:\/\/www.egemtv.com\/?p=52364","title":{"rendered":"T\u00fcrk Y\u0131ld\u0131zlar\u0131\u2019ndan K\u00fctahya\u2019da nefes kesen g\u00f6steri"},"content":{"rendered":"<p>T\u00fcrk Hava Kuvvetleri\u2019nin d\u00fcnyaca \u00fcnl\u00fc akrobasi timi T\u00fcrk Y\u0131ld\u0131zlar\u0131, 30 A\u011fustos Zafer Bayram\u0131 ve B\u00fcy\u00fck Taarruz\u2019un 103. y\u0131l d\u00f6n\u00fcm\u00fc etkinlikleri kapsam\u0131nda K\u00fctahya\u2019n\u0131n Dumlup\u0131nar il\u00e7esi Zafertepe\u00e7alk\u00f6y\u2019de unutulmaz bir g\u00f6steri sundu.<br \/>\n<br \/>Konya 3. Ana Jet \u00dcs Komutanl\u0131\u011f\u0131\u2019nda konu\u015flu T\u00fcrk Y\u0131ld\u0131zlar\u0131\u2019n\u0131n g\u00f6sterisini izlemek i\u00e7in K\u00fctahya ve Afyonkarahisar\u2019dan binlerce vatanda\u015f t\u00f6ren alan\u0131n\u0131 doldurdu. G\u00f6steriyi Gen\u00e7lik ve Spor Bakan\u0131 Osman A\u015fk\u0131n Bak da takip etti. Nefesleri kesen akrobasi u\u00e7u\u015flar\u0131 b\u00fcy\u00fck ilgiyle izlenirken, vatanda\u015flar o anlar\u0131 cep telefonlar\u0131yla kaydetti. T\u00fcrk Y\u0131ld\u0131zlar\u0131 Komutan\u0131 ise alan\u0131 dolduran kalabal\u0131\u011f\u0131n 30 A\u011fustos Zafer Bayram\u0131\u2019n\u0131 kutlad\u0131.<br \/><\/p>\n","protected":false},"excerpt":{"rendered":"<p>T\u00fcrk Hava Kuvvetleri\u2019nin d\u00fcnyaca \u00fcnl\u00fc akrobasi timi T\u00fcrk Y\u0131ld\u0131zlar\u0131, 30 A\u011fustos Zafer Bayram\u0131 ve B\u00fcy\u00fck Taarruz\u2019un 103. y\u0131l d\u00f6n\u00fcm\u00fc etkinlikleri kapsam\u0131nda K\u00fctahya\u2019n\u0131n Dumlup\u0131nar il\u00e7esi Zafertepe\u00e7alk\u00f6y\u2019de unutulmaz bir g\u00f6steri sundu. Konya 3. Ana Jet \u00dcs Komutanl\u0131\u011f\u0131\u2019nda konu\u015flu T\u00fcrk Y\u0131ld\u0131zlar\u0131\u2019n\u0131n g\u00f6sterisini izlemek i\u00e7in K\u00fctahya ve Afyonkarahisar\u2019dan binlerce vatanda\u015f t\u00f6ren alan\u0131n\u0131 doldurdu. G\u00f6steriyi Gen\u00e7lik ve Spor Bakan\u0131 Osman&#8230;<\/p>\n","protected":false},"author":1,"featured_media":52365,"comment_status":"open","ping_status":"open","sticky":false,"template":"","format":"standard","meta":{"_crdt_document":"","footnotes":""},"categories":[123],"tags":[],"class_list":["post-52364","post","type-post","status-publish","format-standard","has-post-thumbnail","hentry","category-gundem"],"_links":{"self":[{"href":"https:\/\/www.egemtv.com\/index.php?rest_route=\/wp\/v2\/posts\/52364","targetHints":{"allow":["GET"]}}],"collection":[{"href":"https:\/\/www.egemtv.com\/index.php?rest_route=\/wp\/v2\/posts"}],"about":[{"href":"https:\/\/www.egemtv.com\/index.php?rest_route=\/wp\/v2\/types\/post"}],"author":[{"embeddable":true,"href":"https:\/\/www.egemtv.com\/index.php?rest_route=\/wp\/v2\/users\/1"}],"replies":[{"embeddable":true,"href":"https:\/\/www.egemtv.com\/index.php?rest_route=%2Fwp%2Fv2%2Fcomments&post=52364"}],"version-history":[{"count":1,"href":"https:\/\/www.egemtv.com\/index.php?rest_route=\/wp\/v2\/posts\/52364\/revisions"}],"predecessor-version":[{"id":52366,"href":"https:\/\/www.egemtv.com\/index.php?rest_route=\/wp\/v2\/posts\/52364\/revisions\/52366"}],"wp:featuredmedia":[{"embeddable":true,"href":"https:\/\/www.egemtv.com\/index.php?rest_route=\/wp\/v2\/media\/52365"}],"wp:attachment":[{"href":"https:\/\/www.egemtv.com\/index.php?rest_route=%2Fwp%2Fv2%2Fmedia&parent=52364"}],"wp:term":[{"taxonomy":"category","embeddable":true,"href":"https:\/\/www.egemtv.com\/index.php?rest_route=%2Fwp%2Fv2%2Fcategories&post=52364"},{"taxonomy":"post_tag","embeddable":true,"href":"https:\/\/www.egemtv.com\/index.php?rest_route=%2Fwp%2Fv2%2Ftags&post=52364"}],"curies":[{"name":"wp","href":"https:\/\/api.w.org\/{rel}","templated":true}]}}