{"id":52361,"date":"2025-08-30T20:15:20","date_gmt":"2025-08-30T17:15:20","guid":{"rendered":"https:\/\/www.egemtv.com\/?p=52361"},"modified":"2025-08-30T20:15:21","modified_gmt":"2025-08-30T17:15:21","slug":"yediemin-deposunda-yangin-cikti-5-otomobil-30-motosiklet-yandi","status":"publish","type":"post","link":"https:\/\/www.egemtv.com\/?p=52361","title":{"rendered":"Yediemin deposunda yang\u0131n \u00e7\u0131kt\u0131, 5 otomobil 30 motosiklet yand\u0131"},"content":{"rendered":"<p>Ayd\u0131n\u2019\u0131n Efeler il\u00e7esinde bulunan G\u00fczelhisar Yediemin otopark\u0131nda \u00e7\u0131kan yang\u0131nda kullan\u0131lmayan hurda 5 otomobil ve 30 motosiklet yand\u0131.<\/p>\n<p>Yang\u0131n, ak\u015fam saatlerinde hen\u00fcz bilinmeyen bir nedenle Ata Mahallesinde bulunan G\u00fczelhisar Yediemin otopark\u0131nda \u00e7\u0131kt\u0131. Alevler r\u00fczgar\u0131n etkisi ile b\u00fcy\u00fcd\u00fc. \u0130hbar \u00fczerine olay yerini itfaiye ve polis ekipleri sevk edildi. Alevler otopark\u0131n yan\u0131ndaki bo\u015f araziye de s\u0131\u00e7rad\u0131. \u0130tfaiye ekipleri alevlere m\u00fcdahale etti. Yang\u0131nda kullan\u0131lmayan hurda 5 otomobil ve 30 motosiklet zarar g\u00f6rd\u00fc. Polis olayla ilgili inceleme ba\u015flatt\u0131.<br \/><\/p>\n","protected":false},"excerpt":{"rendered":"<p>Ayd\u0131n\u2019\u0131n Efeler il\u00e7esinde bulunan G\u00fczelhisar Yediemin otopark\u0131nda \u00e7\u0131kan yang\u0131nda kullan\u0131lmayan hurda 5 otomobil ve 30 motosiklet yand\u0131. Yang\u0131n, ak\u015fam saatlerinde hen\u00fcz bilinmeyen bir nedenle Ata Mahallesinde bulunan G\u00fczelhisar Yediemin otopark\u0131nda \u00e7\u0131kt\u0131. Alevler r\u00fczgar\u0131n etkisi ile b\u00fcy\u00fcd\u00fc. \u0130hbar \u00fczerine olay yerini itfaiye ve polis ekipleri sevk edildi. Alevler otopark\u0131n yan\u0131ndaki bo\u015f araziye de s\u0131\u00e7rad\u0131. \u0130tfaiye ekipleri&#8230;<\/p>\n","protected":false},"author":1,"featured_media":52362,"comment_status":"open","ping_status":"open","sticky":false,"template":"","format":"standard","meta":{"_crdt_document":"","footnotes":""},"categories":[5],"tags":[],"class_list":["post-52361","post","type-post","status-publish","format-standard","has-post-thumbnail","hentry","category-asayis"],"_links":{"self":[{"href":"https:\/\/www.egemtv.com\/index.php?rest_route=\/wp\/v2\/posts\/52361","targetHints":{"allow":["GET"]}}],"collection":[{"href":"https:\/\/www.egemtv.com\/index.php?rest_route=\/wp\/v2\/posts"}],"about":[{"href":"https:\/\/www.egemtv.com\/index.php?rest_route=\/wp\/v2\/types\/post"}],"author":[{"embeddable":true,"href":"https:\/\/www.egemtv.com\/index.php?rest_route=\/wp\/v2\/users\/1"}],"replies":[{"embeddable":true,"href":"https:\/\/www.egemtv.com\/index.php?rest_route=%2Fwp%2Fv2%2Fcomments&post=52361"}],"version-history":[{"count":1,"href":"https:\/\/www.egemtv.com\/index.php?rest_route=\/wp\/v2\/posts\/52361\/revisions"}],"predecessor-version":[{"id":52363,"href":"https:\/\/www.egemtv.com\/index.php?rest_route=\/wp\/v2\/posts\/52361\/revisions\/52363"}],"wp:featuredmedia":[{"embeddable":true,"href":"https:\/\/www.egemtv.com\/index.php?rest_route=\/wp\/v2\/media\/52362"}],"wp:attachment":[{"href":"https:\/\/www.egemtv.com\/index.php?rest_route=%2Fwp%2Fv2%2Fmedia&parent=52361"}],"wp:term":[{"taxonomy":"category","embeddable":true,"href":"https:\/\/www.egemtv.com\/index.php?rest_route=%2Fwp%2Fv2%2Fcategories&post=52361"},{"taxonomy":"post_tag","embeddable":true,"href":"https:\/\/www.egemtv.com\/index.php?rest_route=%2Fwp%2Fv2%2Ftags&post=52361"}],"curies":[{"name":"wp","href":"https:\/\/api.w.org\/{rel}","templated":true}]}}